{"id":10090,"date":"2026-04-27T15:33:15","date_gmt":"2026-04-27T15:33:15","guid":{"rendered":"https:\/\/minerva-online.pt\/?p=10090"},"modified":"2026-04-27T16:01:58","modified_gmt":"2026-04-27T16:01:58","slug":"a-nova-geracao-da-impressao-digital","status":"publish","type":"post","link":"https:\/\/minerva-online.pt\/en\/a-nova-geracao-da-impressao-digital\/","title":{"rendered":"A nova gera\u00e7\u00e3o da impress\u00e3o digital: quando a cor cria impacto"},"content":{"rendered":"<div data-elementor-type=\"wp-post\" data-elementor-id=\"10090\" class=\"elementor elementor-10090\" data-elementor-post-type=\"post\">\n\t\t\t\t\t\t\t\t\t<section class=\"elementor-section elementor-top-section elementor-element elementor-element-58087c20 elementor-section-boxed elementor-section-height-default elementor-section-height-default\" data-id=\"58087c20\" data-element_type=\"section\">\n\t\t\t\t\t\t<div class=\"elementor-container elementor-column-gap-default\">\n\t\t\t\t\t<div class=\"elementor-column elementor-col-100 elementor-top-column elementor-element elementor-element-166b70a1\" data-id=\"166b70a1\" data-element_type=\"column\">\n\t\t\t<div class=\"elementor-widget-wrap elementor-element-populated\">\n\t\t\t\t\t\t\t\t<div class=\"elementor-element elementor-element-69039bfa elementor-widget elementor-widget-text-editor\" data-id=\"69039bfa\" data-element_type=\"widget\" data-widget_type=\"text-editor.default\">\n\t\t\t\t<div class=\"elementor-widget-container\">\n\t\t\t\t\t\t\t<!-- wp:paragraph -->\n<p>A impress\u00e3o digital est\u00e1 a evoluir rapidamente, abrindo portas a novas possibilidades criativas que v\u00e3o muito al\u00e9m do convencional. Atualmente, j\u00e1 n\u00e3o se trata apenas de imprimir, mas sim de criar experi\u00eancias visuais diferenciadoras.<\/p>\n<!-- \/wp:paragraph --><!-- wp:paragraph -->\n<p>Num contexto onde a diferencia\u00e7\u00e3o \u00e9 essencial, surgem solu\u00e7\u00f5es que permitem combinar cores intensas, branco em fundos escuros e transparentes e met\u00e1licos, elevando os trabalhos gr\u00e1ficos a um novo patamar.<\/p>\n<!-- \/wp:paragraph --><!-- wp:heading -->\n<h2 class=\"wp-block-heading\"><a href=\"https:\/\/minerva-online.pt\/en\/poupar-impressao\/\"><strong>Impress\u00e3o digital como elemento chave na evolu\u00e7\u00e3o gr\u00e1fica<\/strong><\/a><\/h2>\n<!-- \/wp:heading --><!-- wp:paragraph -->\n<p>A impress\u00e3o digital vai al\u00e9m de um simples m\u00e9todo de reprodu\u00e7\u00e3o gr\u00e1fica. Ao permitir impress\u00e3o \u00e0 medida, personaliza\u00e7\u00e3o e tempos de produ\u00e7\u00e3o reduzidos, tornou-se um elemento-chave na evolu\u00e7\u00e3o das estrat\u00e9gias de comunica\u00e7\u00e3o visual e produ\u00e7\u00e3o industrial.<\/p>\n<!-- \/wp:paragraph --><!-- wp:paragraph -->\n<p>A impress\u00e3o digital \u00e9 utilizada em v\u00e1rios tipos de aplica\u00e7\u00f5es, tais como <a href=\"https:\/\/minerva-online.pt\/en\/preparar-um-ficheiro-impressao\/\">materiais de marketing, sinal\u00e9tica, embalagens e outros produtos personalizados<\/a> e proporciona impress\u00f5es de alta qualidade com cores vibrantes e detalhes.<\/p>\n<!-- \/wp:paragraph --><!-- wp:paragraph -->\n<h2><strong>Flexibilidade com as necessidades do mercado<\/strong><\/h2>\n<!-- \/wp:paragraph --><!-- wp:paragraph -->\n<p>A impress\u00e3o digital destaca-se tamb\u00e9m pela sua adaptabilidade. A possibilidade de produzir pequenas quantidades sem descuidar na qualidade ou o custo permite responder de forma r\u00e1pida \u00e0s necessidades do mercado.\u00a0<\/p>\n<!-- \/wp:paragraph --><!-- wp:paragraph -->\n<p>Al\u00e9m disso, a personaliza\u00e7\u00e3o torna-se uma realidade acess\u00edvel, permitindo criar materiais \u00fanicos e ajustados a diferentes p\u00fablicos.<\/p>\n<!-- \/wp:paragraph --><!-- wp:paragraph -->\n<p>Esta flexibilidade traduz-se numa comunica\u00e7\u00e3o mais eficaz, onde cada projeto pode ser pensado de forma estrat\u00e9gica, contribuindo para uma maior liga\u00e7\u00e3o com o p\u00fablico-alvo.<\/p>\n<!-- \/wp:paragraph --><!-- wp:heading -->\n<h2 class=\"wp-block-heading\"><strong>Cores intensas que elevam a imagem da marca<\/strong><\/h2>\n<!-- \/wp:heading --><!-- wp:paragraph -->\n<p>A evolu\u00e7\u00e3o da impress\u00e3o digital trouxe uma expans\u00e3o significativa da gama crom\u00e1tica, ultrapassando as limita\u00e7\u00f5es tradicionais.<\/p>\n<!-- \/wp:paragraph --><!-- wp:list -->\n<ul><!-- wp:list-item -->\n<li>Tons mais vivos e saturados<\/li>\n<!-- \/wp:list-item --><!-- wp:list-item -->\n<li>Rosas, vermelhos, laranjas e roxos mais intensos<\/li>\n<!-- \/wp:list-item --><!-- wp:list-item -->\n<li>Gradientes suaves e naturais<\/li>\n<!-- \/wp:list-item --><!-- wp:list-item -->\n<li>Fidelidade superior \u00e0s cores de marca<\/li>\n<!-- \/wp:list-item --><\/ul>\n<!-- \/wp:list --><!-- wp:paragraph -->\n<p>Materiais impressos com maior profundidade tornam-se mais eficazes na comunica\u00e7\u00e3o e no reconhecimento da marca.<\/p>\n<p><img fetchpriority=\"high\" decoding=\"async\" class=\"aligncenter wp-image-10092 size-full\" src=\"https:\/\/minerva-online.pt\/wp-content\/uploads\/2026\/04\/image-1.jpeg\" alt=\"impress\u00e3o digital: 5\u00ba cor\" width=\"2048\" height=\"1365\" srcset=\"https:\/\/minerva-online.pt\/wp-content\/uploads\/2026\/04\/image-1.jpeg 2048w, https:\/\/minerva-online.pt\/wp-content\/uploads\/2026\/04\/image-1-300x200.jpeg 300w, https:\/\/minerva-online.pt\/wp-content\/uploads\/2026\/04\/image-1-1024x683.jpeg 1024w, https:\/\/minerva-online.pt\/wp-content\/uploads\/2026\/04\/image-1-768x512.jpeg 768w, https:\/\/minerva-online.pt\/wp-content\/uploads\/2026\/04\/image-1-1536x1024.jpeg 1536w, https:\/\/minerva-online.pt\/wp-content\/uploads\/2026\/04\/image-1-18x12.jpeg 18w\" sizes=\"(max-width: 2048px) 100vw, 2048px\" \/><img decoding=\"async\" src=\"blob:https:\/\/minerva-online.pt\/78195ddf-a296-4db4-8a64-1d340c3265f8\" alt=\"\" \/><\/p>\n<!-- \/wp:paragraph --><!-- wp:image --><!-- \/wp:image --><!-- wp:heading -->\n<h2 class=\"wp-block-heading\"><strong>A 5\u00aa Cor: O ponto de diferencia\u00e7\u00e3o<\/strong><\/h2>\n<!-- \/wp:heading --><!-- wp:paragraph -->\n<p>Um dos maiores avan\u00e7os na impress\u00e3o digital moderna \u00e9 a possibilidade de utilizar uma 5\u00aa cor, para al\u00e9m do tradicional CMYK.<\/p>\n<!-- \/wp:paragraph --><!-- wp:heading {\"level\":3} -->\n<h3 class=\"wp-block-heading\"><strong>O que \u00e9 a 5\u00aa cor?<\/strong><\/h3>\n<!-- \/wp:heading --><!-- wp:paragraph -->\n<p>A 5\u00aa cor refere-se \u00e0 utiliza\u00e7\u00e3o de uma tinta adicional, que pode ser usada para criar efeitos especiais nas impress\u00f5es com o processo tradicional de impress\u00e3o, como:<\/p>\n<!-- \/wp:paragraph --><!-- wp:list -->\n<ul><!-- wp:list-item -->\n<li>Branco para fundos escuros ou transparentes<\/li>\n<!-- \/wp:list-item --><!-- wp:list-item -->\n<li>Verniz\u00a0 para efeitos de brilho e destaques<\/li>\n<!-- \/wp:list-item --><!-- wp:list-item -->\n<li>Tons especiais para maior riqueza crom\u00e1tica<\/li>\n<!-- \/wp:list-item --><!-- wp:list-item -->\n<li><a href=\"https:\/\/minerva-online.pt\/en\/impressao-tintas-metalicas\/\">Efeitos met\u00e1licos (dourado, prateado ou similares)<\/a><\/li>\n<!-- \/wp:list-item --><\/ul>\n<!-- \/wp:list --><!-- wp:paragraph -->\n<p>Estas aplica\u00e7\u00f5es adicionais, permitem melhorar a impress\u00e3o, trazendo vantagens como:<\/p>\n<!-- \/wp:paragraph --><!-- wp:list -->\n<ul><!-- wp:list-item -->\n<li>Diferencia\u00e7\u00e3o imediata no mercado<\/li>\n<!-- \/wp:list-item --><!-- wp:list-item -->\n<li>Maior valor percebido do produto<\/li>\n<!-- \/wp:list-item --><!-- wp:list-item -->\n<li>Possibilidade de criar designs \u00fanicos<\/li>\n<!-- \/wp:list-item --><!-- wp:list-item -->\n<li>Redu\u00e7\u00e3o da necessidade de acabamentos externos<\/li>\n<!-- \/wp:list-item --><\/ul>\n<!-- \/wp:list --><!-- wp:heading -->\n<h2 class=\"wp-block-heading\"><strong>Impress\u00e3o a Branco: Novas Possibilidades Criativas<\/strong><\/h2>\n<!-- \/wp:heading --><!-- wp:paragraph -->\n<p>Entre as aplica\u00e7\u00f5es mais relevantes desta evolu\u00e7\u00e3o est\u00e1 a impress\u00e3o a branco. Durante muito tempo, imprimir sobre fundos escuros ou materiais transparentes era um desafio, j\u00e1 que as cores perdiam visibilidade. Com a introdu\u00e7\u00e3o do branco como tinta ativa, essa limita\u00e7\u00e3o deixa de existir.\u00a0<\/p>\n<!-- \/wp:paragraph --><!-- wp:paragraph -->\n<p>O branco pode ser utilizado para criar contraste direto em superf\u00edcies escuras ou como base para outras cores, garantindo maior intensidade e defini\u00e7\u00e3o das mesmas. Esta possibilidade abre portas a solu\u00e7\u00f5es criativas mais ousadas, permitindo explorar combina\u00e7\u00f5es visuais que se destacam pela originalidade e eleg\u00e2ncia.<img decoding=\"async\" class=\"aligncenter wp-image-10091 size-full\" src=\"https:\/\/minerva-online.pt\/wp-content\/uploads\/2026\/04\/image.jpeg\" alt=\"\" width=\"2048\" height=\"1365\" srcset=\"https:\/\/minerva-online.pt\/wp-content\/uploads\/2026\/04\/image.jpeg 2048w, https:\/\/minerva-online.pt\/wp-content\/uploads\/2026\/04\/image-300x200.jpeg 300w, https:\/\/minerva-online.pt\/wp-content\/uploads\/2026\/04\/image-1024x683.jpeg 1024w, https:\/\/minerva-online.pt\/wp-content\/uploads\/2026\/04\/image-768x512.jpeg 768w, https:\/\/minerva-online.pt\/wp-content\/uploads\/2026\/04\/image-1536x1024.jpeg 1536w, https:\/\/minerva-online.pt\/wp-content\/uploads\/2026\/04\/image-18x12.jpeg 18w\" sizes=\"(max-width: 2048px) 100vw, 2048px\" \/><\/p>\n<p>\u00a0<\/p>\n<h2><strong>O Futuro da Impress\u00e3o Digital<\/strong><\/h2>\n<!-- \/wp:paragraph --><!-- wp:paragraph -->\n<p>A impress\u00e3o digital continua a evoluir, acompanhando as exig\u00eancias de um mercado cada vez mais orientado para a diferencia\u00e7\u00e3o e a experi\u00eancia visual. A combina\u00e7\u00e3o de cores intensas, utiliza\u00e7\u00e3o da 5\u00aa cor, impress\u00e3o a branco e integra\u00e7\u00e3o de efeitos especiais redefine o que \u00e9 poss\u00edvel criar.<\/p>\n<!-- \/wp:paragraph --><!-- wp:paragraph -->\n<p>Mais do que uma solu\u00e7\u00e3o t\u00e9cnica, a impress\u00e3o digital torna-se uma ferramenta criativa, capaz de transformar ideias em materiais diferenciados.<\/p>\n<!-- \/wp:paragraph --><!-- wp:heading -->\n<h2 class=\"wp-block-heading\"><strong>Como a <a href=\"https:\/\/www.instagram.com\/minervaonline.pt\/\" rel=\"nofollow noopener\" target=\"_blank\">Minerva<\/a> Pode Ajudar?<\/strong><\/h2>\n<!-- \/wp:heading --><!-- wp:paragraph -->\n<p>Na Minerva criamos materiais de impress\u00e3o digital com grande impacto visual, aproveitando as mais recentes capacidades tecnol\u00f3gicas.<\/p>\n<!-- \/wp:paragraph --><!-- wp:paragraph -->\n<p>Com foco na qualidade e diferencia\u00e7\u00e3o, \u00e9 poss\u00edvel desenvolver projetos que combinam cores intensas e efeitos visuais, adaptados a cada necessidade. Desde materiais de comunica\u00e7\u00e3o a packaging, \u00e9 pensado para valorizar a comunica\u00e7\u00e3o e refor\u00e7ar a identidade da marca.<\/p>\n<!-- \/wp:paragraph --><!-- wp:paragraph -->\n<p>A flexibilidade da impress\u00e3o digital permite ainda responder rapidamente a diferentes volumes e n\u00edveis de personaliza\u00e7\u00e3o. Fale connosco!\u00a0<\/p>\n<!-- \/wp:paragraph -->\t\t\t\t\t\t<\/div>\n\t\t\t\t<\/div>\n\t\t\t\t\t<\/div>\n\t\t<\/div>\n\t\t\t\t\t\t\t<\/div>\n\t\t<\/section>\n\t\t\t\t\t\t\t<\/div>","protected":false},"excerpt":{"rendered":"<p>A impress\u00e3o digital est\u00e1 a evoluir rapidamente, abrindo portas a novas possibilidades criativas que v\u00e3o muito al\u00e9m do convencional. Atualmente, &#8230; <\/p>\n<p class=\"read-more-container\"><a title=\"A nova gera\u00e7\u00e3o da impress\u00e3o digital: quando a cor cria impacto\" class=\"read-more button\" href=\"https:\/\/minerva-online.pt\/en\/a-nova-geracao-da-impressao-digital\/#more-10090\" aria-label=\"More on A nova gera\u00e7\u00e3o da impress\u00e3o digital: quando a cor cria impacto\">Ler mais <i class=\"fas fa-chevron-right\"><\/i><\/a><\/p>","protected":false},"author":2,"featured_media":10092,"comment_status":"open","ping_status":"open","sticky":false,"template":"","format":"standard","meta":{"footnotes":""},"categories":[2,5],"tags":[],"acf":[],"_links":{"self":[{"href":"https:\/\/minerva-online.pt\/en\/wp-json\/wp\/v2\/posts\/10090"}],"collection":[{"href":"https:\/\/minerva-online.pt\/en\/wp-json\/wp\/v2\/posts"}],"about":[{"href":"https:\/\/minerva-online.pt\/en\/wp-json\/wp\/v2\/types\/post"}],"author":[{"embeddable":true,"href":"https:\/\/minerva-online.pt\/en\/wp-json\/wp\/v2\/users\/2"}],"replies":[{"embeddable":true,"href":"https:\/\/minerva-online.pt\/en\/wp-json\/wp\/v2\/comments?post=10090"}],"version-history":[{"count":11,"href":"https:\/\/minerva-online.pt\/en\/wp-json\/wp\/v2\/posts\/10090\/revisions"}],"predecessor-version":[{"id":10104,"href":"https:\/\/minerva-online.pt\/en\/wp-json\/wp\/v2\/posts\/10090\/revisions\/10104"}],"wp:featuredmedia":[{"embeddable":true,"href":"https:\/\/minerva-online.pt\/en\/wp-json\/wp\/v2\/media\/10092"}],"wp:attachment":[{"href":"https:\/\/minerva-online.pt\/en\/wp-json\/wp\/v2\/media?parent=10090"}],"wp:term":[{"taxonomy":"category","embeddable":true,"href":"https:\/\/minerva-online.pt\/en\/wp-json\/wp\/v2\/categories?post=10090"},{"taxonomy":"post_tag","embeddable":true,"href":"https:\/\/minerva-online.pt\/en\/wp-json\/wp\/v2\/tags?post=10090"}],"curies":[{"name":"wp","href":"https:\/\/api.w.org\/{rel}","templated":true}]}}