{"id":260,"date":"2017-10-09T08:52:00","date_gmt":"2017-10-09T08:52:00","guid":{"rendered":"https:\/\/minerva-online.pt\/2017\/10\/09\/melhores-redes-sociais\/"},"modified":"2024-07-26T09:01:48","modified_gmt":"2024-07-26T09:01:48","slug":"melhores-redes-sociais","status":"publish","type":"post","link":"https:\/\/minerva-online.pt\/en\/melhores-redes-sociais\/","title":{"rendered":"Quais s\u00e3o as melhores redes sociais para a minha empresa?"},"content":{"rendered":"<div data-elementor-type=\"wp-post\" data-elementor-id=\"260\" class=\"elementor elementor-260\" data-elementor-post-type=\"post\">\n\t\t\t\t\t\t\t\t\t<section class=\"elementor-section elementor-top-section elementor-element elementor-element-7e53328f elementor-section-boxed elementor-section-height-default elementor-section-height-default\" data-id=\"7e53328f\" data-element_type=\"section\">\n\t\t\t\t\t\t<div class=\"elementor-container elementor-column-gap-default\">\n\t\t\t\t\t<div class=\"elementor-column elementor-col-100 elementor-top-column elementor-element elementor-element-14c1658b\" data-id=\"14c1658b\" data-element_type=\"column\">\n\t\t\t<div class=\"elementor-widget-wrap elementor-element-populated\">\n\t\t\t\t\t\t\t\t<div class=\"elementor-element elementor-element-10da3556 elementor-widget elementor-widget-text-editor\" data-id=\"10da3556\" data-element_type=\"widget\" data-widget_type=\"text-editor.default\">\n\t\t\t\t<div class=\"elementor-widget-container\">\n\t\t\t\t\t\t\t<h5><b>Tantas redes sociais, e sempre a mudarem\u2026 como escolher? \u00c9 preciso estar em todas ou s\u00f3 em algumas? Esclare\u00e7a a confus\u00e3o!<\/b><\/h5>\n<p>Hoje em dia, as empresas j\u00e1 deixaram de perguntar <b>se devem<\/b> estar nas redes sociais, e passaram a perguntar <b>como devem<\/b> estar nas redes sociais.<\/p>\n<p>Essa pergunta n\u00e3o poderia ser mais pertinente, porque, na verdade, cada rede tem caracter\u00edsticas, p\u00fablicos e objetivos diferentes.<\/p>\n<p>E come\u00e7amos j\u00e1 por responder a uma das perguntas acima colocadas: N\u00e3o, n\u00e3o \u00e9 preciso estar em todas as redes sociais, e at\u00e9 seria contraproducente! Porqu\u00ea?<\/p>\n<p>Por duas raz\u00f5es. Primeiro <b>(1)<\/b>, porque se estiver numa rede onde o seu p\u00fablico n\u00e3o est\u00e1, s\u00f3 vai prejudicar a sua produtividade e os seus resultados. Vai desperdi\u00e7ar tempo e recursos. Ser\u00e3o balas perdidas. Segundo <b>(2)<\/b>, porque \u00e9 melhor ser excelente numa ou duas redes, do que med\u00edocre em cinco ou seis. A n\u00e3o ser que tenha um departamento de 10 ou 15 pessoas inteiramente dedicadas a este tipo de gest\u00e3o, n\u00e3o ser\u00e1 poss\u00edvel estar em todo o lado com qualidade. Mais vale n\u00e3o produzir qualquer conte\u00fado, do que produzir conte\u00fado sem qualidade.<\/p>\n<p>Agora que j\u00e1 suspirou de al\u00edvio por n\u00e3o ter que estar em todas as redes sociais e mais algumas :), vamos passar aos crit\u00e9rios de escolha.<\/p>\n<h2><b>Facebook<\/b><\/h2>\n<h4><b>Quem deve usar?<\/b><\/h4>\n<p>Toda a gente!<\/p>\n<h4><b>O que partilhar?<\/b><\/h4>\n<p>Todo o tipo de conte\u00fado de acordo com uma estrat\u00e9gia adaptada ao seu neg\u00f3cio.<\/p>\n<p>De uma forma geral, o que \u00e9 mais eficaz s\u00e3o conte\u00fados com hist\u00f3rias e com uma componente emocional forte.<\/p>\n<h4><b>Com que frequ\u00eancia devo postar?<\/b><\/h4>\n<p>O n\u00famero de publica\u00e7\u00f5es semanais varia de acordo com os objetivos estabelecidos para as suas redes sociais, do investimento que pretende fazer e tamb\u00e9m de como \u00e9 o comportamento do seu p\u00fablico online.\u00a0<\/p>\n<p>O algoritmo prioriza posts que geram mais intera\u00e7\u00e3o. Publicar em excesso pode diluir o alcance dos seus posts. Por\u00e9m, publicar pouco tamb\u00e9m n\u00e3o lhe permitir\u00e1 obter e manter a sua visibilidade online e alcan\u00e7ar bons resultados.<\/p>\n<p>Na generalidade das empresas, <b>3 a 5 posts por semana <\/b>j\u00e1 constitui um intervalo que permite desenvolver uma estrat\u00e9gia diversificada e eficaz<\/p>\n<p><strong>\u00a0<\/strong><\/p>\n<h4><b>For\u00e7as<\/b><\/h4>\n<ul>\n<li aria-level=\"1\">\u00c9 a rede principal em todo o mundo, contando j\u00e1 com 2 958 milh\u00f5es de utilizadores (<a href=\"https:\/\/datareportal.com\/reports\/digital-2023-global-overview-report\" rel=\"nofollow noopener\" target=\"_blank\">Digital 2023: Global Overview Report<\/a>).<\/li>\n<li aria-level=\"1\">\u00c9 a segunda rede onde as pessoas passam mais tempo (<a href=\"https:\/\/datareportal.com\/reports\/digital-2023-global-overview-report\" rel=\"nofollow noopener\" target=\"_blank\">Digital 2023: Global Overview Report<\/a>).<\/li>\n<li aria-level=\"1\">Permite direcionar suas mensagens para p\u00fablicos espec\u00edficos de forma segmentada com base em interesses, demografia, comportamentos e muito mais.<\/li>\n<li aria-level=\"1\">Oferece uma gest\u00e3o avan\u00e7ada de an\u00e1lise de dados, p\u00fablicos e campanhas.<\/li>\n<li aria-level=\"1\">Faz integra\u00e7\u00e3o com e-commerce atrav\u00e9s do Marketplace.<\/li>\n<li aria-level=\"1\">Chat online.<\/li>\n<\/ul>\n<p>Por estas raz\u00f5es, estar no Facebook j\u00e1 n\u00e3o \u00e9 uma op\u00e7\u00e3o. <a href=\"https:\/\/minerva-online.pt\/en\/empresas-b2b-devem-estar-no-facebook\/\">\u00c9 obrigat\u00f3rio<\/a>.<\/p>\n<p>N\u00e3o fa\u00e7a apenas publica\u00e7\u00f5es promocionais. Mostre que se preocupa com os seus clientes e que os quer ajudar. Mostre-se humano e n\u00e3o os massacre com vendas. \u00c9 isso que cria a rela\u00e7\u00e3o. Alterne os conte\u00fados da seguinte forma:<\/p>\n<p><i>Para um total de 3 publica\u00e7\u00f5es:<\/i><\/p>\n<ul>\n<li aria-level=\"1\"><i>1 publica\u00e7\u00e3o com conte\u00fado \u00fatil e relevante (como artigos, v\u00eddeos, infogr\u00e1ficos).<\/i><\/li>\n<li aria-level=\"1\"><i>1 publica\u00e7\u00e3o sobre a sua empresa.<\/i><\/li>\n<li aria-level=\"1\"><i>1 publica\u00e7\u00e3o com conte\u00fado de venda.<\/i><\/li>\n<\/ul>\n<p>Pode e deve investir em an\u00fancios patrocinados. Fazer apenas publica\u00e7\u00f5es de forma org\u00e2nica (sem pagar) n\u00e3o chega. Porqu\u00ea?<\/p>\n<p>Porque, nos \u00faltimos anos, temos vindo a assistir a uma significativa redu\u00e7\u00e3o do alcance de publica\u00e7\u00f5es org\u00e2nicas. Por isso, uma estrat\u00e9gia paga, bem segmentada e bem direcionada vai aumentar consideravelmente a quantidade de pessoas que ter\u00e3o acesso ao seu conte\u00fado. Lembre-se de que a publicidade nas redes sociais \u00e9 mais econ\u00f3mica do que nos media tradicionais (como televis\u00e3o ou r\u00e1dio), mas por si s\u00f3 n\u00e3o o \u00e9 \u2013 se feita corretamente e com os recursos financeiros adequados, trar\u00e1 definitivamente resultados e benef\u00edcios para o seu neg\u00f3cio.<\/p>\n<p>E n\u00e3o se esque\u00e7a: <a href=\"https:\/\/minerva-online.pt\/en\/porque-devo-ter-uma-pagina-e-nao-um-perfil\/\">ter apenas um perfil n\u00e3o \u00e9 suficiente<\/a>! Tem de criar uma p\u00e1gina para ter acesso a todas as potencialidades avan\u00e7adas de publicidade.<\/p>\n<h2><b>LinkedIn<\/b><\/h2>\n<h4><b>Quem deve usar?<\/b><\/h4>\n<p>Indiv\u00edduos:<\/p>\n<ul>\n<li aria-level=\"1\">Profissionais de todas as \u00e1reas;<\/li>\n<li aria-level=\"1\">Pessoas \u00e0 procura de emprego;<\/li>\n<li aria-level=\"1\">Empreendedores;<\/li>\n<li aria-level=\"1\">Freelancers.<\/li>\n<\/ul>\n<p>Empresas:<\/p>\n<ul>\n<li aria-level=\"1\">De todos os portes e setores para Recrutamento, Marketing, Vendas e Networking;<\/li>\n<li aria-level=\"1\">Mercados B2B e B2C.<\/li>\n<\/ul>\n<h4><b>O que partilhar?<\/b><\/h4>\n<p>Ofertas de emprego, informa\u00e7\u00f5es sobre empresas e ind\u00fastrias, conte\u00fados educativos, t\u00e9cnicos e profissionais.<\/p>\n<p>O tipo de conte\u00fado que normalmente gera mais resultados no LinkedIn s\u00e3o opini\u00e3o com base na experi\u00eancia, sucessos empresariais, t\u00f3picos sobre tend\u00eancias atuais no mundo dos neg\u00f3cios, e posts que ensinam e educam para a lideran\u00e7a.<\/p>\n<h4><b>Com que frequ\u00eancia devo postar?<\/b><\/h4>\n<p>2 a 4 vezes por semana<\/p>\n<p>Este n\u00famero vai sempre depender dos seus objetivos e do seu p\u00fablico:<\/p>\n<ul>\n<li aria-level=\"1\">Se procura gerar leads, uma frequ\u00eancia maior pode ser ben\u00e9fica, al\u00e9m de que, alguns nichos exigem mais atualiza\u00e7\u00f5es, como tecnologia ou marketing digital.<\/li>\n<li aria-level=\"1\">Se pretende construir autoridade, posts mais elaborados e menos frequentes podem ser mais eficazes.<\/li>\n<\/ul>\n<p>De qualquer modo, esta regularidade mant\u00e9m seu perfil ativo e demonstra a sua intera\u00e7\u00e3o com a plataforma. O foco deve ser agregar valor e gerar conversas.<\/p>\n<p>Al\u00e9m da frequ\u00eancia, a intera\u00e7\u00e3o \u00e9 crucial para o sucesso no LinkedIn. Ao gerar debates, responder a coment\u00e1rios e participar de discuss\u00f5es:<\/p>\n<ul>\n<li aria-level=\"1\">Incentiva outros a participarem nas conversas;<\/li>\n<li aria-level=\"1\">Demonstra autoridade, mostrando que domina o assunto e partilha esse conhecimento;<\/li>\n<li aria-level=\"1\">Cria oportunidades de networking;<\/li>\n<li aria-level=\"1\">Amplia seu alcance.<\/li>\n<\/ul>\n<h4><b>For\u00e7as<\/b><\/h4>\n<ul>\n<li aria-level=\"1\">\u00c9 a rede n\u00famero 1 para fazer networking profissional.<\/li>\n<li aria-level=\"1\">Os utilizadores t\u00eam j\u00e1 um mindset empresarial.<\/li>\n<li aria-level=\"1\">Permite conhecer ofertas de emprego e oportunidades de carreira.<\/li>\n<li aria-level=\"1\">Permite fazer publicidade paga (\u00e9 habitualmente mais cara que o Facebook).<\/li>\n<\/ul>\n<p>Muitas pessoas referem-se ao LinkedIn como a vers\u00e3o profissional do Facebook e, de facto, essa perspetiva ajuda a compreender o <i>core<\/i> desta rede. Esteja no LinkedIn de forma mais formal e lembre-se que os utilizadores querem conte\u00fado, acima de tudo, profissional.<\/p>\n<h2><b>Instagram<\/b><\/h2>\n<h4><b>Quem deve usar?<\/b><\/h4>\n<p>Pessoas e marcas direcionadas para um p\u00fablico mais B2C, lojas online, produtos e servi\u00e7os de lyfestyle como restaurantes e bares, sal\u00f5es de beleza e spas, gin\u00e1sios e personal trainers, marcas de moda, cosm\u00e9tica e acess\u00f3rios, servi\u00e7os de turismo, entre muitos outros.<\/p>\n<h4><b>O que partilhar?<\/b><\/h4>\n<p>Conte\u00fado visual desde imagens impactantes a v\u00eddeos curtos e din\u00e2micos com texto complementar para dar contexto e relev\u00e2ncia.<\/p>\n<h4><b>Com que frequ\u00eancia devo postar?<\/b><\/h4>\n<p>O algoritmo do Instagram tem v\u00e1rias semelhan\u00e7as com o do Facebook, pelo que as vezes que poder\u00e1 publicar semanalmente depender\u00e1, mais uma vez, dos tipo de resultados que pretende obter, do quanto quer investir e do tipo de utiliza\u00e7\u00e3o e intera\u00e7\u00e3o do seu p\u00fablico nas redes sociais. Assim, recomendamos:<\/p>\n<ul>\n<li aria-level=\"1\">3 a 6 posts por semana<\/li>\n<li aria-level=\"1\">1 story por dia, no m\u00ednimo<\/li>\n<\/ul>\n<h4><b>For\u00e7as<\/b><\/h4>\n<ul>\n<li aria-level=\"1\">Privilegia muito o aspeto visual.<\/li>\n<li aria-level=\"1\">\u00a0\u00c9 perfeito para marcas que desejam contar hist\u00f3rias e mostrar seus produtos de forma atrativa.<\/li>\n<\/ul>\n<p>O Instagram \u00e9 a rede ideal para produtos que tenham um apelo visual forte, pelo que as imagens devem ser editadas por um profissional. Assim, deve fazer um investimento t\u00e9cnico antes de se aventurar nesta rede.<\/p>\n<h2><b>TikTok<\/b><\/h2>\n<h4><b>Quem deve usar?<\/b><\/h4>\n<p>Empresas do mercado B2C que queiram:<\/p>\n<ul>\n<li aria-level=\"1\">Alcan\u00e7ar um p\u00fablico jovem;<\/li>\n<li aria-level=\"1\">Mostrar a personalidade da marca;<\/li>\n<li aria-level=\"1\">Aumentar as taxas de intera\u00e7\u00e3o;<\/li>\n<li aria-level=\"1\">Aumentar a sua visibilidade.<\/li>\n<\/ul>\n<h4><b>O que partilhar?<\/b><\/h4>\n<p>Conte\u00fado audiovisual com car\u00e1ter de entretenimento ou de demonstra\u00e7\u00e3o de produtos de uma forma mais din\u00e2mica, aut\u00eantica e sob a perspetiva da sua utiliza\u00e7\u00e3o.<\/p>\n<p>O objetivo \u00e9 partilhar v\u00eddeos que entretenham e inspirem o p\u00fablico, sob \u00e2ngulos criativos e diferentes do que est\u00e1 habituado a ver.<\/p>\n<h4><b>Com que frequ\u00eancia devo postar?<\/b><\/h4>\n<p>Quanto mais melhor!\u00a0<\/p>\n<p>Regra geral, se publicar pouco n\u00e3o ter\u00e1 visibilidade. Mas n\u00e3o existe limite m\u00e1ximo. O Tiktok valoriza a intera\u00e7\u00e3o. A quantidade n\u00e3o impede os utilizadores de o encontrarem.\u00a0<\/p>\n<h4><b>For\u00e7as<\/b><\/h4>\n<ul>\n<li aria-level=\"1\">Possui uma base de utilizadores enorme;<\/li>\n<li aria-level=\"1\">Os v\u00eddeos tendem a gerar um alto n\u00edvel de engagement;<\/li>\n<li aria-level=\"1\">Tem o melhor algoritmo em termos de segmenta\u00e7\u00e3o face \u00e0 relev\u00e2ncia<\/li>\n<li aria-level=\"1\">Oferece uma variedade de ferramentas de edi\u00e7\u00e3o e efeitos que facilitam a cria\u00e7\u00e3o de v\u00eddeos profissionais.<\/li>\n<li aria-level=\"1\">Oferece diversas op\u00e7\u00f5es de an\u00fancios<\/li>\n<\/ul>\n<p>O que diferencia o TikTok das estantes redes sociais \u00e9 que \u00e9 uma plataforma exclusiva a conte\u00fado audiovisual, o que faz com que os conte\u00fados chamem mais \u00e0 aten\u00e7\u00e3o pelo seu dinamismo, criatividade e individualidade. \u00c9 uma \u00f3tima plataforma para dara conhecer ao p\u00fablico a sua marca.\u00a0<\/p>\n<p>O Tiktok tem claramente um futuro promissor para as empresas, uma vez que interliga v\u00e1rios fatores valorizados pelo consumidor como a rapidez de consumo, conte\u00fados audiovisuais de curta dura\u00e7\u00e3o e o entretenimento.<\/p>\n<p>Embora seja mais dispendiosa do que o Facebook, o LinkedIn e o Instagram no que diz respeito a an\u00fancios pagos, o algoritmo permite alcan\u00e7ar um grande p\u00fablico sem ter de gastar dinheiro.<\/p>\n<h2><b>YouTube<\/b><\/h2>\n<h4><b>Quem deve usar?<\/b><\/h4>\n<p>Toda a gente!<\/p>\n<h4><b>O que partilhar?<\/b><\/h4>\n<p>As possibilidades s\u00e3o infinitas!<\/p>\n<p>Demonstrar as funcionalidades dos seus produtos, criar tutoriais de uso, apresentar novidades, criar aulas, tutoriais e dicas relacionadas ao seu nicho de mercado, fazer vlogs dos bastidores e do dia a dia da sua empresa, os seus colaboradores e o processo criativo e muito mais!<\/p>\n<h4><b>Com que frequ\u00eancia devo postar?<\/b><\/h4>\n<p>Nunca \u00e9 demais refor\u00e7ar que a frequ\u00eancia ideal depende do seu p\u00fablico e dos seus objetivos. No entanto, a recomenda\u00e7\u00e3o geral \u00e9 2 a 4 v\u00eddeos por m\u00eas.<\/p>\n<h4><b>For\u00e7as<\/b><\/h4>\n<ul>\n<li aria-level=\"1\">\u00c9 a plataforma onde o p\u00fablico passa mais tempo do seu dia, de acordo com o<a href=\"https:\/\/datareportal.com\/reports\/digital-2023-global-overview-report\" rel=\"nofollow noopener\" target=\"_blank\"> Digital 2023: Global Overview Report<\/a><\/li>\n<li aria-level=\"1\">Permite criar estrat\u00e9gias mais flex\u00edveis pela in\u00fameras possibilidades de conte\u00fados e ideias para p\u00f4r em pr\u00e1tica;<\/li>\n<li aria-level=\"1\">O Youtube Ads s\u00e3o incrivelmente eficientes<\/li>\n<\/ul>\n<p><b>Um a vez que \u00e9 uma plataforma mais complexa e desafiante para a produ\u00e7\u00e3o (t\u00e9cnica e criativa) dos conte\u00fados, a aposta no Youtube para empresas pode constituir uma oportunidade de se diferenciarem no mercado.<\/b><\/p>\n<p><i>Dica extra:<\/i><\/p>\n<p>Fa\u00e7a um planeamento claro e exequ\u00edvel. Isso ajuda-o a manter-se focado, a tornar a sua comunica\u00e7\u00e3o online consistente, e a poupar tempo.<\/p>\n<p>E n\u00e3o fique frustrado se os resultados n\u00e3o forem imediatos. Insista. Uma s\u00f3lida presen\u00e7a nas redes sociais leva tempo e investimento financeiro durante um consider\u00e1vel per\u00edodo de tempo para que os resultados comecem a surgir. Pe\u00e7a ajuda a profissionais para que a gest\u00e3o das suas p\u00e1ginas n\u00e3o seja uma dor de cabe\u00e7a.<\/p>\n<p>Esperamos t\u00ea-lo ajudado! Qualquer d\u00favida, j\u00e1 sabe \u2013 escreva nos coment\u00e1rios. E se gostou deste artigo, partilhe! O conhecimento deve ser livre e acess\u00edvel a todos!<\/p>\t\t\t\t\t\t<\/div>\n\t\t\t\t<\/div>\n\t\t\t\t\t<\/div>\n\t\t<\/div>\n\t\t\t\t\t\t\t<\/div>\n\t\t<\/section>\n\t\t\t\t<section class=\"elementor-section elementor-top-section elementor-element elementor-element-f235d95 elementor-section-boxed elementor-section-height-default elementor-section-height-default\" data-id=\"f235d95\" data-element_type=\"section\">\n\t\t\t\t\t\t<div class=\"elementor-container elementor-column-gap-default\">\n\t\t\t\t\t<div class=\"elementor-column elementor-col-100 elementor-top-column elementor-element elementor-element-dfe42ae\" data-id=\"dfe42ae\" data-element_type=\"column\">\n\t\t\t<div class=\"elementor-widget-wrap elementor-element-populated\">\n\t\t\t\t\t\t\t\t<div class=\"elementor-element elementor-element-2501e0b elementor-widget elementor-widget-heading\" data-id=\"2501e0b\" data-element_type=\"widget\" data-widget_type=\"heading.default\">\n\t\t\t\t<div class=\"elementor-widget-container\">\n\t\t\t<h2 class=\"elementor-heading-title elementor-size-default\">Adicione aqui o texto do seu t\u00edtulo<\/h2>\t\t<\/div>\n\t\t\t\t<\/div>\n\t\t\t\t\t<\/div>\n\t\t<\/div>\n\t\t\t\t\t\t\t<\/div>\n\t\t<\/section>\n\t\t\t\t\t\t\t<\/div>","protected":false},"excerpt":{"rendered":"<p>Tantas redes sociais, e sempre a mudarem\u2026 como escolher? \u00c9 preciso estar em todas ou s\u00f3 em algumas? Esclare\u00e7a a &#8230; <\/p>\n<p class=\"read-more-container\"><a title=\"Quais s\u00e3o as melhores redes sociais para a minha empresa?\" class=\"read-more button\" href=\"https:\/\/minerva-online.pt\/en\/melhores-redes-sociais\/#more-260\" aria-label=\"More on Quais s\u00e3o as melhores redes sociais para a minha empresa?\">Ler mais <i class=\"fas fa-chevron-right\"><\/i><\/a><\/p>","protected":false},"author":2,"featured_media":265,"comment_status":"closed","ping_status":"closed","sticky":false,"template":"","format":"standard","meta":{"footnotes":""},"categories":[7],"tags":[],"acf":[],"_links":{"self":[{"href":"https:\/\/minerva-online.pt\/en\/wp-json\/wp\/v2\/posts\/260"}],"collection":[{"href":"https:\/\/minerva-online.pt\/en\/wp-json\/wp\/v2\/posts"}],"about":[{"href":"https:\/\/minerva-online.pt\/en\/wp-json\/wp\/v2\/types\/post"}],"author":[{"embeddable":true,"href":"https:\/\/minerva-online.pt\/en\/wp-json\/wp\/v2\/users\/2"}],"replies":[{"embeddable":true,"href":"https:\/\/minerva-online.pt\/en\/wp-json\/wp\/v2\/comments?post=260"}],"version-history":[{"count":5,"href":"https:\/\/minerva-online.pt\/en\/wp-json\/wp\/v2\/posts\/260\/revisions"}],"predecessor-version":[{"id":8005,"href":"https:\/\/minerva-online.pt\/en\/wp-json\/wp\/v2\/posts\/260\/revisions\/8005"}],"wp:featuredmedia":[{"embeddable":true,"href":"https:\/\/minerva-online.pt\/en\/wp-json\/wp\/v2\/media\/265"}],"wp:attachment":[{"href":"https:\/\/minerva-online.pt\/en\/wp-json\/wp\/v2\/media?parent=260"}],"wp:term":[{"taxonomy":"category","embeddable":true,"href":"https:\/\/minerva-online.pt\/en\/wp-json\/wp\/v2\/categories?post=260"},{"taxonomy":"post_tag","embeddable":true,"href":"https:\/\/minerva-online.pt\/en\/wp-json\/wp\/v2\/tags?post=260"}],"curies":[{"name":"wp","href":"https:\/\/api.w.org\/{rel}","templated":true}]}}