{"id":294,"date":"2018-02-05T08:45:47","date_gmt":"2018-02-05T08:45:47","guid":{"rendered":"https:\/\/minerva-online.pt\/2018\/02\/05\/tratar-imagens-para-impressao\/"},"modified":"2025-04-08T11:05:35","modified_gmt":"2025-04-08T11:05:35","slug":"tratar-imagens-para-impressao","status":"publish","type":"post","link":"https:\/\/minerva-online.pt\/en\/tratar-imagens-para-impressao\/","title":{"rendered":"Como tratar imagens para impress\u00e3o?"},"content":{"rendered":"<h5 class=\"wp-block-heading\"><strong>Na hora de tratar imagens para impress\u00e3o, veja algumas dicas pr\u00e1ticas a ter em conta para evitar surpresas e obter o resultado final esperado!<\/strong><\/h5>\n\n\n\n<p>Se \u00e9 fot\u00f3grafo ou designer, chegar\u00e1 a altura em que vai precisar de imprimir o seu trabalho. Seja numa exposi\u00e7\u00e3o de fotografia ou num cat\u00e1logo de produtos para o seu cliente, vai querer apresentar o seu trabalho da melhor forma poss\u00edvel, mais ainda se pensarmos que algumas empresas t\u00eam uma personalidade corporativa muito espec\u00edfica e criativa \u2013 e, por isso, o resultado final tamb\u00e9m ter\u00e1 de espelhar essa imagem.<\/p>\n\n\n\n<p>Contudo, sabemos que a impress\u00e3o profissional de um trabalho pode ser muito frustrante, sobretudo por quest\u00f5es relacionadas com artes finais \u2013 aquilo que se idealiza e que se v\u00ea no monitor nem sempre corresponde ao resultado final.<\/p>\n\n\n\n<p>Por isso, elencamos alguns ajustes que devem ser feitos nas imagens antes de os trabalhos entrarem em produ\u00e7\u00e3o, para que o resultado tenha a qualidade e a apar\u00eancia desejada!<\/p>\n\n\n\n<h3 class=\"wp-block-heading\">Sistema de cores<\/h3>\n\n\n\n<p>O sistema de cores que deve utilizar \u00e9 o&nbsp;<a href=\"https:\/\/minerva-online.pt\/en\/rgb-vs-cmyk\/\" target=\"_blank\" rel=\"noreferrer noopener\">CMYK<\/a>&nbsp;ou, se pretender imprimir a preto e branco, converter em Grayscale.<\/p>\n\n\n\n<p>Porqu\u00ea?<\/p>\n\n\n\n<p>Porque os monitores funcionam no modo RGB, enquanto que as impressoras funcionam no modo CMYK. Assim, se uma imagem estiver em modo RGB, o resultado final ser\u00e1 diferente do esperado. E nada tem a ver com qualquer anomalia t\u00e9cnica \u2013 o monitor e a impressora t\u00eam apenas uma forma diferente de reproduzir as cores.<\/p>\n\n\n\n<figure class=\"wp-block-image\"><img decoding=\"async\" src=\"https:\/\/minerva-online.pt\/wp-content\/uploads\/2021\/04\/cmyk-tratar-imagens-para-impressao.jpg\" alt=\"Como tratar imagens para impress\u00e3o? 1\" title=\"\"\/><\/figure>\n\n\n\n<h3 class=\"wp-block-heading\">Resolu\u00e7\u00e3o<\/h3>\n\n\n\n<p>Por princ\u00edpio, quanto mais resolu\u00e7\u00e3o tiver a imagem, mais defini\u00e7\u00e3o ter\u00e1.<\/p>\n\n\n\n<p>Isto \u00e9 particularmente importante se precisar de fazer uma impress\u00e3o com grandes dimens\u00f5es. Uma boa resolu\u00e7\u00e3o impede que a imagem, quando ampliada, perca nitidez ou fique pixelizada.<\/p>\n\n\n\n<p>A resolu\u00e7\u00e3o mais comum para impress\u00f5es offset \u00e9 de 300dpi, \u00e0 escala de 100% do tamanho. Esta quest\u00e3o da escala \u00e9 muito importante \u2013 se pretender que o resultado final seja ampliado (mais de 100% do tamanho), a imagem j\u00e1 n\u00e3o ter\u00e1 300dpi e, por isso, ser\u00e1 necess\u00e1rio uma maior resolu\u00e7\u00e3o. Contudo, se n\u00e3o precisar de fazer amplia\u00e7\u00f5es, 300dpi ser\u00e1, em regra, suficiente.<\/p>\n\n\n\n<p>Por outro lado, em impress\u00e3o digital, \u00e9 poss\u00edvel obter bons resultados trabalhando com menor resolu\u00e7\u00e3o. Todavia, na d\u00favida, aconselhe-se sempre com a gr\u00e1fica com quem trabalha.<\/p>\n\n\n\n<h5 class=\"wp-block-heading\"><em>Dica extra: trabalhe sempre as imagens em programas especialmente vocacionados para o tratamento de imagens. Por exemplo, finalize a imagem no Adobe Photoshop e depois importe-a para o programa que estiver a utilizar (como, por exemplo, o Adobe Illustrator).<\/em><\/h5>\n\n\n\n<figure class=\"wp-block-image\"><img decoding=\"async\" src=\"https:\/\/minerva-online.pt\/wp-content\/uploads\/2021\/04\/resolucao-tratar-imagens-para-impressao.jpg\" alt=\"Como tratar imagens para impress\u00e3o? 2\" title=\"\"\/><\/figure>\n\n\n\n<h3 class=\"wp-block-heading\">Papel<\/h3>\n\n\n\n<p>A escolha do papel vai determinar o resultado final do trabalho. Por exemplo, o papel comum (IOR) absorve mais tinta comparativamente ao papel couch\u00e9; da\u00ed que este \u00faltimo seja dos mais procurados para trabalhos em que a qualidade da fotografia seja um fator chave \u2013 as cores ficam mais intensas e atrativas, e as imagens ficam mais n\u00edtidas.<\/p>\n\n\n\n<p>Papel com algum tipo de textura \u00e9, por vezes, utilizado em projetos de cariz art\u00edstico, quando se pretende um determinado efeito criativo. Contudo, neste caso, o papel tende a absorver mais tinta, fazendo com que o resultado final seja menos n\u00edtido.<\/p>\n\n\n\n<p>A escolha \u00e9, no fundo, algo muito pessoal e dependente do objetivo final. Pode preferir cores mais vivas, pode querer destacar mais os detalhes ou pode querer obter um efeito em que o fator nitidez n\u00e3o seja o mais importante.<\/p>\n\n\n\n<p>Tamb\u00e9m poder\u00e1 jogar com as v\u00e1rias possibilidades que os acabamentos lhe oferecem \u2013 texturas, relevos, foil, entre outros, concedendo assim sofistica\u00e7\u00e3o ao material, e provocando um forte apelo aos sentidos. Desta forma, estar\u00e1 j\u00e1 a comunicar mesmo antes de o cliente abrir o material \u2013 e a comunicar a mensagem certa.<\/p>\n\n\n\n<p>Qualquer que seja o seu projeto, teste sempre o papel antes de fazer a impress\u00e3o final \u2013 \u00e9 a melhor forma de perceber o que se adequa mais \u00e0 mensagem que quer passar. Depois, ao configurar a impress\u00e3o, especifique o tipo de papel que vai usar, para que o impressor ajuste as quantidades de tinta.<\/p>\n\n\n\n<p>E quando um determinado tipo de papel funcionar, fa\u00e7a esse registo para evitar novos testes em pr\u00f3ximas necessidades.<\/p>\n\n\n\n<figure class=\"wp-block-image\"><img decoding=\"async\" src=\"https:\/\/minerva-online.pt\/wp-content\/uploads\/2021\/04\/papel-tratar-imagens-para-impressao.jpg\" alt=\"Como tratar imagens para impress\u00e3o? 3\" title=\"\"\/><\/figure>\n\n\n\n<h3 class=\"wp-block-heading\">Otimiza\u00e7\u00f5es<\/h3>\n\n\n\n<p>Existem alguns crit\u00e9rios b\u00e1sicos a que deve atender:<\/p>\n\n\n\n<ul>\n<li>Prefira o formato TIFF ou PSD (n\u00e3o fazem compress\u00e3o e, por isso, n\u00e3o h\u00e1 perda de qualidade).<\/li>\n\n\n\n<li>Preserve uma margem de seguran\u00e7a e\/ou fa\u00e7a um bleed na imagem, para evitar bordas brancas e cortes indesejados.<\/li>\n\n\n\n<li>Se usar texto, converta-o em curvas, para preservar a fonte.<\/li>\n\n\n\n<li>Fa\u00e7a uma escolha criteriosa da gr\u00e1fica. N\u00e3o ser\u00e1 vantajoso poupar na impress\u00e3o, se ficar com um trabalho que n\u00e3o vai gostar.<\/li>\n<\/ul>\n\n\n\n<figure class=\"wp-block-image\"><img decoding=\"async\" src=\"https:\/\/minerva-online.pt\/wp-content\/uploads\/2021\/04\/otimizacoes-tratar-imagens-para-impressao.jpg\" alt=\"Como tratar imagens para impress\u00e3o? 4\" title=\"\"\/><\/figure>\n\n\n\n<hr class=\"wp-block-separator has-css-opacity\"\/>\n\n\n\n<p>Se teve alguma dificuldade em aplicar estes conceitos na impress\u00e3o de fotos, n\u00e3o se preocupe! Converse connosco antes de finalizar o seu ficheiro. Boas impress\u00f5es! ?<\/p>","protected":false},"excerpt":{"rendered":"<p>Na hora de tratar imagens para impress\u00e3o, veja algumas dicas pr\u00e1ticas a ter em conta para evitar surpresas e obter &#8230; <\/p>\n<p class=\"read-more-container\"><a title=\"Como tratar imagens para impress\u00e3o?\" class=\"read-more button\" href=\"https:\/\/minerva-online.pt\/en\/tratar-imagens-para-impressao\/#more-294\" aria-label=\"More on Como tratar imagens para impress\u00e3o?\">Ler mais <i class=\"fas fa-chevron-right\"><\/i><\/a><\/p>","protected":false},"author":2,"featured_media":299,"comment_status":"closed","ping_status":"closed","sticky":false,"template":"","format":"standard","meta":{"footnotes":""},"categories":[2],"tags":[],"acf":[],"_links":{"self":[{"href":"https:\/\/minerva-online.pt\/en\/wp-json\/wp\/v2\/posts\/294"}],"collection":[{"href":"https:\/\/minerva-online.pt\/en\/wp-json\/wp\/v2\/posts"}],"about":[{"href":"https:\/\/minerva-online.pt\/en\/wp-json\/wp\/v2\/types\/post"}],"author":[{"embeddable":true,"href":"https:\/\/minerva-online.pt\/en\/wp-json\/wp\/v2\/users\/2"}],"replies":[{"embeddable":true,"href":"https:\/\/minerva-online.pt\/en\/wp-json\/wp\/v2\/comments?post=294"}],"version-history":[{"count":1,"href":"https:\/\/minerva-online.pt\/en\/wp-json\/wp\/v2\/posts\/294\/revisions"}],"predecessor-version":[{"id":8344,"href":"https:\/\/minerva-online.pt\/en\/wp-json\/wp\/v2\/posts\/294\/revisions\/8344"}],"wp:featuredmedia":[{"embeddable":true,"href":"https:\/\/minerva-online.pt\/en\/wp-json\/wp\/v2\/media\/299"}],"wp:attachment":[{"href":"https:\/\/minerva-online.pt\/en\/wp-json\/wp\/v2\/media?parent=294"}],"wp:term":[{"taxonomy":"category","embeddable":true,"href":"https:\/\/minerva-online.pt\/en\/wp-json\/wp\/v2\/categories?post=294"},{"taxonomy":"post_tag","embeddable":true,"href":"https:\/\/minerva-online.pt\/en\/wp-json\/wp\/v2\/tags?post=294"}],"curies":[{"name":"wp","href":"https:\/\/api.w.org\/{rel}","templated":true}]}}