{"id":387,"date":"2018-08-08T07:47:25","date_gmt":"2018-08-08T07:47:25","guid":{"rendered":"https:\/\/minerva-online.pt\/2018\/08\/08\/dicas-para-produzir-carimbos-personalizados\/"},"modified":"2021-04-26T08:56:28","modified_gmt":"2021-04-26T08:56:28","slug":"dicas-para-produzir-carimbos-personalizados","status":"publish","type":"post","link":"https:\/\/minerva-online.pt\/en\/dicas-para-produzir-carimbos-personalizados\/","title":{"rendered":"Dicas para produzir carimbos personalizados"},"content":{"rendered":"<h5 class=\"wp-block-heading\"><strong>Os carimbos passam muitas vezes despercebidos, mas s\u00e3o fundamentais no dia a dia das empresas. Veja algumas dicas para obter um resultado n\u00edtido e profissional!<\/strong><\/h5>\n\n\n\n<p>Os carimbos fazem parte do dia a dia das empresas \u2013 n\u00e3o apenas para autenticar documentos, mas tamb\u00e9m para colocar informa\u00e7\u00f5es em papel de forma mais r\u00e1pida e eficaz, excluindo a possibilidade de erros associada a processos manuais.<\/p>\n\n\n\n<p>S\u00e3o especialmente \u00fateis para dados vari\u00e1veis \u2013 os carimbos autom\u00e1ticos numeradores e datadores s\u00e3o fundamentais, por exemplo, para a indica\u00e7\u00e3o de data de fabrico e de validade nas embalagens de produtos.<\/p>\n\n\n\n<p>Os carimbos s\u00e3o associados a seriedade, credibilidade, profissionalismo, organiza\u00e7\u00e3o e cuidado com a gest\u00e3o administrativa \u2013 logo, a sua produ\u00e7\u00e3o n\u00e3o pode ser deixada ao acaso, mais ainda se considerarmos que cada superf\u00edcie de aplica\u00e7\u00e3o tem as suas naturais limita\u00e7\u00f5es.<\/p>\n\n\n\n<p>Para o apoiar neste processo, reunirmos um conjunto de boas pr\u00e1ticas para obter um resultado n\u00edtido e profissional!<\/p>\n\n\n\n<h3 class=\"wp-block-heading\">1. Fontes<\/h3>\n\n\n\n<p>Quando escolher o tipo de letra para o seu carimbo, tenha em aten\u00e7\u00e3o que fontes mais s\u00f3lidas tornam-se mais leg\u00edveis, comparativamente com fontes decorativas.<\/p>\n\n\n\n<p>A nossa recomenda\u00e7\u00e3o \u00e9 usar, no m\u00ednimo, o tamanho 8, de forma a garantir clareza na leitura. Se preferir uma fonte decorativa, recomendamos um tamanho maior, dado que algumas partes anat\u00f3micas da fonte podem colidir entre si se n\u00e3o tiverem o espa\u00e7o necess\u00e1rio.<\/p>\n\n\n\n<figure class=\"wp-block-image\"><img decoding=\"async\" src=\"https:\/\/minerva-online.pt\/wp-content\/uploads\/2021\/04\/fontes-carimbos.png\" alt=\"Dicas para produzir carimbos personalizados 1\" class=\"wp-image-361843\" title=\"fontes-carimbos\"\/><\/figure>\n\n\n\n<h3 class=\"wp-block-heading\">2. Cor<\/h3>\n\n\n\n<p>Usar cor em carimbos pode parecer uma ideia sedutora, mas a aplicabilidade pode deixar muito a desejar.<\/p>\n\n\n\n<p>Dependendo das superf\u00edcies onde o carimbo ser\u00e1 aplicado, a mensagem pode n\u00e3o ser leg\u00edvel. Por exemplo, se usar cor no seu carimbo, e necessitar de o utilizar numa superf\u00edcie tamb\u00e9m ela com cor, o resultado ficar\u00e1 comprometido.<\/p>\n\n\n\n<p>A op\u00e7\u00e3o mais segura \u00e9 a sobriedade. Os carimbos com tinta preta s\u00e3o perfeitos para qualquer ocasi\u00e3o, reduzindo ao m\u00ednimo a possibilidade de erro.<\/p>\n\n\n\n<figure class=\"wp-block-image\"><img decoding=\"async\" src=\"https:\/\/minerva-online.pt\/wp-content\/uploads\/2021\/04\/cor-carimbos.png\" alt=\"Dicas para produzir carimbos personalizados 2\" class=\"wp-image-361828\" title=\"cor-carimbos\"\/><\/figure>\n\n\n\n<h3 class=\"wp-block-heading\">3. \u00c1rea de personaliza\u00e7\u00e3o<\/h3>\n\n\n\n<p>Para que a sua mensagem seja captada ao primeiro olhar, d\u00ea \u00e0 sua mensagem o espa\u00e7o que ela precisa.<\/p>\n\n\n\n<p>De pouco serve poupar no carimbo reduzindo o tamanho se a mensagem que contiver n\u00e3o for leg\u00edvel.<\/p>\n\n\n\n<figure class=\"wp-block-image\"><img decoding=\"async\" src=\"https:\/\/minerva-online.pt\/wp-content\/uploads\/2021\/04\/area-personalizavel-carimbos.png\" alt=\"Dicas para produzir carimbos personalizados 3\" class=\"wp-image-361825\" title=\"area-personalizavel-carimbos\"\/><\/figure>\n\n\n\n<h3 class=\"wp-block-heading\">4. Tipo de carimbo<\/h3>\n\n\n\n<p>O carimbo mais utilizado pelas empresas \u00e9 o carimbo autom\u00e1tico; \u00e9 esteticamente mais agrad\u00e1vel, permite maior liberdade de personaliza\u00e7\u00e3o, e \u00e9 muito pr\u00e1tico \u2013 n\u00e3o \u00e9 necess\u00e1rio exercer for\u00e7a intensa.<\/p>\n\n\n\n<p>Al\u00e9m disso, proporciona uma maior qualidade de impress\u00e3o, com resultados mais n\u00edtidos, precisos e profissionais.<\/p>\n\n\n\n<figure class=\"wp-block-image\"><img decoding=\"async\" src=\"https:\/\/minerva-online.pt\/wp-content\/uploads\/2021\/04\/tipo-de-carimbo-carimbos.png\" alt=\"Dicas para produzir carimbos personalizados 4\" class=\"wp-image-361858\" title=\"tipo-de-carimbo-carimbos\"\/><\/figure>\n\n\n\n<p>Certifique-se de que esta forma de comunica\u00e7\u00e3o esteja alinhada com a imagem e identidade da sua empresa. N\u00e3o descuide aspetos como a qualidade da tinta, precis\u00e3o de alinhamento e posicionamento \u2013 os detalhes impressionam os clientes.<\/p>\n\n\n\n<p>Se precisar de ajuda na escolha e personaliza\u00e7\u00e3o dos seus carimbos, conte connosco!<\/p>","protected":false},"excerpt":{"rendered":"<p>Os carimbos passam muitas vezes despercebidos, mas s\u00e3o fundamentais no dia a dia das empresas. Veja algumas dicas para obter &#8230; <\/p>\n<p class=\"read-more-container\"><a title=\"Dicas para produzir carimbos personalizados\" class=\"read-more button\" href=\"https:\/\/minerva-online.pt\/en\/dicas-para-produzir-carimbos-personalizados\/#more-387\" aria-label=\"More on Dicas para produzir carimbos personalizados\">Ler mais <i class=\"fas fa-chevron-right\"><\/i><\/a><\/p>","protected":false},"author":2,"featured_media":392,"comment_status":"closed","ping_status":"closed","sticky":false,"template":"","format":"standard","meta":{"footnotes":""},"categories":[4,2],"tags":[],"acf":[],"_links":{"self":[{"href":"https:\/\/minerva-online.pt\/en\/wp-json\/wp\/v2\/posts\/387"}],"collection":[{"href":"https:\/\/minerva-online.pt\/en\/wp-json\/wp\/v2\/posts"}],"about":[{"href":"https:\/\/minerva-online.pt\/en\/wp-json\/wp\/v2\/types\/post"}],"author":[{"embeddable":true,"href":"https:\/\/minerva-online.pt\/en\/wp-json\/wp\/v2\/users\/2"}],"replies":[{"embeddable":true,"href":"https:\/\/minerva-online.pt\/en\/wp-json\/wp\/v2\/comments?post=387"}],"version-history":[{"count":0,"href":"https:\/\/minerva-online.pt\/en\/wp-json\/wp\/v2\/posts\/387\/revisions"}],"wp:featuredmedia":[{"embeddable":true,"href":"https:\/\/minerva-online.pt\/en\/wp-json\/wp\/v2\/media\/392"}],"wp:attachment":[{"href":"https:\/\/minerva-online.pt\/en\/wp-json\/wp\/v2\/media?parent=387"}],"wp:term":[{"taxonomy":"category","embeddable":true,"href":"https:\/\/minerva-online.pt\/en\/wp-json\/wp\/v2\/categories?post=387"},{"taxonomy":"post_tag","embeddable":true,"href":"https:\/\/minerva-online.pt\/en\/wp-json\/wp\/v2\/tags?post=387"}],"curies":[{"name":"wp","href":"https:\/\/api.w.org\/{rel}","templated":true}]}}