{"id":42,"date":"2016-10-24T16:41:46","date_gmt":"2016-10-24T16:41:46","guid":{"rendered":"https:\/\/minerva-online.pt\/2016\/10\/24\/porque-devo-ter-uma-pagina-e-nao-um-perfil\/"},"modified":"2025-05-20T14:45:29","modified_gmt":"2025-05-20T14:45:29","slug":"porque-devo-ter-uma-pagina-e-nao-um-perfil","status":"publish","type":"post","link":"https:\/\/minerva-online.pt\/en\/porque-devo-ter-uma-pagina-e-nao-um-perfil\/","title":{"rendered":"Porque devo ter uma p\u00e1gina profissional no Facebook e n\u00e3o um perfil pessoal?"},"content":{"rendered":"<div data-elementor-type=\"wp-post\" data-elementor-id=\"42\" class=\"elementor elementor-42\" data-elementor-post-type=\"post\">\n\t\t\t\t\t\t\t\t\t<section class=\"elementor-section elementor-top-section elementor-element elementor-element-79889da2 elementor-section-boxed elementor-section-height-default elementor-section-height-default\" data-id=\"79889da2\" data-element_type=\"section\">\n\t\t\t\t\t\t<div class=\"elementor-container elementor-column-gap-default\">\n\t\t\t\t\t<div class=\"elementor-column elementor-col-100 elementor-top-column elementor-element elementor-element-293eb7d3\" data-id=\"293eb7d3\" data-element_type=\"column\">\n\t\t\t<div class=\"elementor-widget-wrap elementor-element-populated\">\n\t\t\t\t\t\t\t\t<div class=\"elementor-element elementor-element-38509032 elementor-widget elementor-widget-text-editor\" data-id=\"38509032\" data-element_type=\"widget\" data-widget_type=\"text-editor.default\">\n\t\t\t\t<div class=\"elementor-widget-container\">\n\t\t\t\t\t\t\t<p><!-- wp:heading {\"level\":5} --><\/p>\n<h5><strong>Muitas empresas optam por criar, para a sua empresa, um perfil pessoal em vez de uma p\u00e1gina profissional, fazendo pedidos de amizade de forma indiscriminada. Ser\u00e1 esta uma boa pr\u00e1tica?<\/strong><\/h5>\n<p><!-- \/wp:heading --><\/p>\n<p><!-- wp:paragraph --><\/p>\n<p>Atualmente, assistimos a uma maior maturidade das empresas em identificar e valorizar o poder que as redes sociais t\u00eam no desenvolvimento de neg\u00f3cios e na capta\u00e7\u00e3o de novos clientes.<\/p>\n<p><!-- \/wp:paragraph --><\/p>\n<p><!-- wp:paragraph --><\/p>\n<p>Contudo,\u00a0<strong>o potencial de comunica\u00e7\u00e3o e marketing que o Facebook proporciona n\u00e3o \u00e9 bem aproveitado por muitas empresas<\/strong>\u00a0\u2013 e, mais do que isso, pode at\u00e9 prejudicar a imagem e o sucesso das mesmas.<\/p>\n<p><!-- \/wp:paragraph --><\/p>\n<p><!-- wp:paragraph --><\/p>\n<p>Assim, quer por desconhecimento da possibilidade de criar uma p\u00e1gina e das potencialidades que ela apresenta, quer por considerarem que um perfil tem maior alcance, muitas empresas insistem em ter um perfil em vez de uma p\u00e1gina.<\/p>\n<p><!-- \/wp:paragraph --><\/p>\n<p><!-- wp:paragraph --><\/p>\n<p>Por\u00e9m,\u00a0<strong>p\u00e1ginas e perfis t\u00eam objetivos diferentes<\/strong>. Os perfis s\u00e3o mais pessoais e as p\u00e1ginas s\u00e3o vocacionadas para empresas, e isso n\u00e3o \u00e9 por acaso.<\/p>\n<p><!-- \/wp:paragraph --><\/p>\n<p><!-- wp:paragraph --><\/p>\n<p>Por isso, prepar\u00e1mos algumas orienta\u00e7\u00f5es para que possa entender a utiliza\u00e7\u00e3o correta dessas duas ferramentas e, por consequ\u00eancia, relacionar-se de forma mais adequada com o seu p\u00fablico-alvo.<\/p>\n<p><!-- \/wp:paragraph --><\/p>\n<p><!-- wp:heading {\"level\":3} --><\/p>\n<h3>Impedimentos legais<\/h3>\n<p><!-- \/wp:heading --><\/p>\n<p><!-- wp:paragraph --><\/p>\n<p>Quando criamos um perfil, o pr\u00f3prio Facebook nos avisa que as empresas devem usar p\u00e1ginas, e que a p\u00e1gina deve ser criada por um representante legal da marca. Isto n\u00e3o \u00e9 apenas uma obrigatoriedade do servi\u00e7o que tem de ser cumprida, mas, como veremos adiante, vai proporcionar uma experi\u00eancia mais agrad\u00e1vel e eficaz para ambos os lados.<\/p>\n<p><!-- \/wp:paragraph --><\/p>\n<p><!-- wp:paragraph --><\/p>\n<p>Para al\u00e9m disso, \u00e9 aconselh\u00e1vel ter mais do que um administrador da p\u00e1gina (com perfis verdadeiros), para o acesso \u00e0 p\u00e1gina n\u00e3o depender apenas de um utilizador e, assim, ter sempre uma outra op\u00e7\u00e3o para qualquer eventualidade.<\/p>\n<p><!-- \/wp:paragraph --><\/p>\n<p><!-- wp:paragraph --><\/p>\n<p>Dado que o Facebook tem a liberdade para apagar perfis que representem empresas, n\u00e3o seguir os seus\u00a0<a href=\"https:\/\/www.facebook.com\/legal\/terms\" target=\"_blank\" rel=\"noreferrer noopener nofollow\">termos<\/a>\u00a0pode trazer muitos dissabores. Imagine uma empresa que usa um perfil e tamb\u00e9m uma p\u00e1gina \u2013 como in\u00fameras vezes acontece, o Facebook apaga o perfil por este estar a ser utilizado como se fosse de uma empresa, e apaga tamb\u00e9m a p\u00e1gina. E se a p\u00e1gina s\u00f3 tiver um administrador, tudo \u00e9 perdido: o perfil, a p\u00e1gina e os milhares de seguidores que j\u00e1 teria.<\/p>\n<p><!-- \/wp:paragraph --><\/p>\n<p><!-- wp:image --><\/p>\n<figure><img decoding=\"async\" title=\"\" src=\"https:\/\/minerva-online.pt\/wp-content\/uploads\/2021\/04\/impedimentos_legais_ter_uma_pagina_Facebook_nao_perfil.png\" alt=\"Porque devo ter uma p\u00e1gina no Facebook e n\u00e3o um perfil? 1\" \/><\/figure>\n<p><!-- \/wp:image --><\/p>\n<p><!-- wp:heading {\"level\":3} --><\/p>\n<h3>N\u00famero de seguidores da p\u00e1gina<\/h3>\n<p><!-- \/wp:heading --><\/p>\n<p><!-- wp:paragraph --><\/p>\n<p>Um dos motivos pelos quais as empresas optam pelo perfil em vez de p\u00e1gina \u00e9 que com o perfil podem ativamente procurar clientes atrav\u00e9s do envio de pedido de amizade, enquanto que com a p\u00e1gina n\u00e3o \u00e9 poss\u00edvel fazer nada a n\u00e3o ser aguardar que algu\u00e9m fa\u00e7a Gosto.<\/p>\n<p><!-- \/wp:paragraph --><\/p>\n<p><!-- wp:paragraph --><\/p>\n<p>No entanto, isto apenas reflete desconhecimento do potencial de uma p\u00e1gina. \u00c9 verdade que, com uma p\u00e1gina, n\u00e3o \u00e9 poss\u00edvel enviar pedidos de amizade, mas h\u00e1 outras formas de aumentar o n\u00famero de seguidores, quer atrav\u00e9s de promo\u00e7\u00f5es, an\u00fancios patrocinados, etc..<\/p>\n<p><!-- \/wp:paragraph --><\/p>\n<p><!-- wp:paragraph --><\/p>\n<p>E considerando que ter\u00e1 de ter um perfil pessoal (mas mesmo pessoal, ainda que de \u00e2mbito profissional) para gerir a p\u00e1gina, tamb\u00e9m poder\u00e1 convidar amigos a serem seguidores da mesma.<\/p>\n<p><!-- \/wp:paragraph --><\/p>\n<p><!-- wp:paragraph --><\/p>\n<p>Al\u00e9m disso, um perfil s\u00f3 pode ter at\u00e9 5 mil amigos, enquanto que n\u00e3o h\u00e1 limite para o n\u00famero de seguidores de uma p\u00e1gina. E nenhuma empresa quer ter limites de clientes!<\/p>\n<p><!-- \/wp:paragraph --><\/p>\n<p><!-- wp:image --><\/p>\n<figure><img decoding=\"async\" title=\"\" src=\"https:\/\/minerva-online.pt\/wp-content\/uploads\/2021\/04\/seguidores_ter_uma_pagina_Facebook_nao_perfil.png\" alt=\"Porque devo ter uma p\u00e1gina no Facebook e n\u00e3o um perfil? 2\" \/><\/figure>\n<p><!-- \/wp:image --><\/p>\n<p><!-- wp:heading {\"level\":3} --><\/p>\n<h3>Estat\u00edsticas<\/h3>\n<p><!-- \/wp:heading --><\/p>\n<p><!-- wp:paragraph --><\/p>\n<p>Utilizando um perfil, n\u00e3o h\u00e1 forma de saber quantas pessoas viram as suas publica\u00e7\u00f5es. Isto porque nem tudo o que publica aparece na timeline dos seus amigos. \u00c9 o pr\u00f3prio Facebook que decide isso, com base num algoritmo que avalia v\u00e1rios crit\u00e9rios com o objetivo de lhe apresentar aquilo que mais interesse ter\u00e1 para si.<\/p>\n<p><!-- \/wp:paragraph --><\/p>\n<p><!-- wp:paragraph --><\/p>\n<p>Por outro lado, uma p\u00e1gina oferece ferramentas estat\u00edsticas important\u00edssimas. Consegue ver quantas pessoas a sua publica\u00e7\u00e3o alcan\u00e7ou, quais as publica\u00e7\u00f5es mais vistas, novos gostos, perfil demogr\u00e1fico dos seus seguidores, entre outros \u2013 essencial para ir aferindo os seus conte\u00fados ao que seu cliente quer ler e, dessa forma, melhorar o seu desempenho digital.<\/p>\n<p><!-- \/wp:paragraph --><\/p>\n<p><!-- wp:image --><\/p>\n<figure><img decoding=\"async\" title=\"\" src=\"https:\/\/minerva-online.pt\/wp-content\/uploads\/2021\/04\/estatisticas_ter_uma_pagina_Facebook_nao_perfil.png\" alt=\"Porque devo ter uma p\u00e1gina no Facebook e n\u00e3o um perfil? 3\" \/><\/figure>\n<p><!-- \/wp:image --><\/p>\n<p><!-- wp:heading {\"level\":3} --><\/p>\n<h3>An\u00fancios<\/h3>\n<p><!-- \/wp:heading --><\/p>\n<p><!-- wp:paragraph --><\/p>\n<p>As p\u00e1ginas permitem criar an\u00fancios patrocinados para atingir um p\u00fablico maior ou para promover ofertas espec\u00edficas.<\/p>\n<p><!-- \/wp:paragraph --><\/p>\n<p><!-- wp:paragraph --><\/p>\n<p>Os an\u00fancios t\u00eam a grande vantagem de poderem ser segmentados; ou seja, otimizar o an\u00fancio para ser apresentado a pessoas com interesses espec\u00edficos, residentes numa determinada localiza\u00e7\u00e3o, pertencentes a uma determinada faixa et\u00e1ria, entre outros crit\u00e9rios. Desta forma, \u00e9 poss\u00edvel gerar an\u00fancios de alta efic\u00e1cia, quer para impulsionar as suas publica\u00e7\u00f5es, quer para promover a sua p\u00e1gina, enviar pessoas para o seu site, aumentar participa\u00e7\u00f5es num evento, entre outros.<\/p>\n<p><!-- \/wp:paragraph --><\/p>\n<p><!-- wp:image --><\/p>\n<figure><img decoding=\"async\" title=\"\" src=\"https:\/\/minerva-online.pt\/wp-content\/uploads\/2021\/04\/anuncios_ter_uma_pagina_Facebook_nao_perfil.png\" alt=\"Porque devo ter uma p\u00e1gina no Facebook e n\u00e3o um perfil? 4\" \/><\/figure>\n<p><!-- \/wp:image --><\/p>\n<p><!-- wp:separator --><\/p>\n<hr \/>\n<p><!-- \/wp:separator --><\/p>\n<p><!-- wp:paragraph --><\/p>\n<p>Al\u00e9m de todos os pontos atr\u00e1s referidos, ao utilizar um perfil pessoal vai transmitir uma imagem empresarial fortemente desvalorizada e descredibilizada ao exterior.<\/p>\n<p><!-- \/wp:paragraph --><\/p>\n<p><!-- wp:paragraph --><\/p>\n<p>Optar por ter uma p\u00e1gina vale mais a pena do que correr o risco de perder a conta, ter n\u00famero limitado de amigos e nenhuma ferramenta de an\u00e1lise de dados, como acontece no perfil.<\/p>\n<p><!-- \/wp:paragraph --><\/p>\n<p><!-- wp:paragraph --><\/p>\n<p>Fa\u00e7a bom uso do terreno f\u00e9rtil que \u00e9 o Facebook, a maior rede social do mundo, e eleve a presen\u00e7a digital da sua empresa a um outro n\u00edvel.<\/p>\n<p><!-- \/wp:paragraph --><\/p>\n<p><!-- wp:paragraph --><\/p>\n<p>Caso tenha subsistido alguma d\u00favida, sinta-se inteiramente \u00e0 vontade para comentar em baixo!<\/p>\n<p><!-- \/wp:paragraph --><\/p>\n<p><!-- wp:paragraph --><\/p>\n<p><strong>Gostou deste artigo? Partilhe ?<\/strong><\/p>\n<p><!-- \/wp:paragraph --><\/p>\t\t\t\t\t\t<\/div>\n\t\t\t\t<\/div>\n\t\t\t\t\t<\/div>\n\t\t<\/div>\n\t\t\t\t\t\t\t<\/div>\n\t\t<\/section>\n\t\t\t\t\t\t\t<\/div>","protected":false},"excerpt":{"rendered":"<p>Muitas empresas optam por criar, para a sua empresa, um perfil pessoal em vez de uma p\u00e1gina profissional, fazendo pedidos &#8230; <\/p>\n<p class=\"read-more-container\"><a title=\"Porque devo ter uma p\u00e1gina profissional no Facebook e n\u00e3o um perfil pessoal?\" class=\"read-more button\" href=\"https:\/\/minerva-online.pt\/en\/porque-devo-ter-uma-pagina-e-nao-um-perfil\/#more-42\" aria-label=\"More on Porque devo ter uma p\u00e1gina profissional no Facebook e n\u00e3o um perfil pessoal?\">Ler mais <i class=\"fas fa-chevron-right\"><\/i><\/a><\/p>","protected":false},"author":2,"featured_media":47,"comment_status":"closed","ping_status":"closed","sticky":false,"template":"","format":"standard","meta":{"footnotes":""},"categories":[7],"tags":[],"acf":[],"_links":{"self":[{"href":"https:\/\/minerva-online.pt\/en\/wp-json\/wp\/v2\/posts\/42"}],"collection":[{"href":"https:\/\/minerva-online.pt\/en\/wp-json\/wp\/v2\/posts"}],"about":[{"href":"https:\/\/minerva-online.pt\/en\/wp-json\/wp\/v2\/types\/post"}],"author":[{"embeddable":true,"href":"https:\/\/minerva-online.pt\/en\/wp-json\/wp\/v2\/users\/2"}],"replies":[{"embeddable":true,"href":"https:\/\/minerva-online.pt\/en\/wp-json\/wp\/v2\/comments?post=42"}],"version-history":[{"count":7,"href":"https:\/\/minerva-online.pt\/en\/wp-json\/wp\/v2\/posts\/42\/revisions"}],"predecessor-version":[{"id":8699,"href":"https:\/\/minerva-online.pt\/en\/wp-json\/wp\/v2\/posts\/42\/revisions\/8699"}],"wp:featuredmedia":[{"embeddable":true,"href":"https:\/\/minerva-online.pt\/en\/wp-json\/wp\/v2\/media\/47"}],"wp:attachment":[{"href":"https:\/\/minerva-online.pt\/en\/wp-json\/wp\/v2\/media?parent=42"}],"wp:term":[{"taxonomy":"category","embeddable":true,"href":"https:\/\/minerva-online.pt\/en\/wp-json\/wp\/v2\/categories?post=42"},{"taxonomy":"post_tag","embeddable":true,"href":"https:\/\/minerva-online.pt\/en\/wp-json\/wp\/v2\/tags?post=42"}],"curies":[{"name":"wp","href":"https:\/\/api.w.org\/{rel}","templated":true}]}}