{"id":8229,"date":"2025-01-28T14:43:25","date_gmt":"2025-01-28T14:43:25","guid":{"rendered":"https:\/\/minerva-online.pt\/?p=8229"},"modified":"2025-09-05T13:22:24","modified_gmt":"2025-09-05T13:22:24","slug":"calendario-minerva-2025-lideranca","status":"publish","type":"post","link":"https:\/\/minerva-online.pt\/en\/calendario-minerva-2025-lideranca\/","title":{"rendered":"Minerva 2025 Calendar: Leadership and Sustainability"},"content":{"rendered":"<div data-elementor-type=\"wp-post\" data-elementor-id=\"8229\" class=\"elementor elementor-8229\" data-elementor-post-type=\"post\">\n\t\t\t\t\t\t\t\t\t<section class=\"elementor-section elementor-top-section elementor-element elementor-element-d091e1e elementor-section-boxed elementor-section-height-default elementor-section-height-default\" data-id=\"d091e1e\" data-element_type=\"section\">\n\t\t\t\t\t\t<div class=\"elementor-container elementor-column-gap-default\">\n\t\t\t\t\t<div class=\"elementor-column elementor-col-100 elementor-top-column elementor-element elementor-element-4093a59e\" data-id=\"4093a59e\" data-element_type=\"column\">\n\t\t\t<div class=\"elementor-widget-wrap elementor-element-populated\">\n\t\t\t\t\t\t\t\t<div class=\"elementor-element elementor-element-2337b379 elementor-widget__width-initial elementor-widget elementor-widget-text-editor\" data-id=\"2337b379\" data-element_type=\"widget\" data-widget_type=\"text-editor.default\">\n\t\t\t\t<div class=\"elementor-widget-container\">\n\t\t\t\t\t\t\t<p><!-- wp:heading {\"level\":5} --><\/p>\n<p>Minerva has just launched its <a href=\"https:\/\/minerva-online.pt\/en\/usar-os-calendarios-mesa-na-estrategia-marketing\/\">calendar<\/a> for the new year, with leadership as its central theme. Over twelve months, it features quotes from great leaders who have made history and changed the world. A daily dose of inspiration, encouraging reflection and growth through the ideals of some of the finest leadership examples.<\/p>\n<p>But this calendar is more than just a functional time-management tool \u2013 it is also a symbol of sustainable and environmentally responsible practices. Produced from Stone Paper<a href=\"https:\/\/www.torraspapel.pt\/Open-Catalogue\/Graphic-Print\/Sint%C3%A9tico\/Sint%C3%A9tico-Gr%C3%A1fico\/Papel-de-Pedra\/p\/STONEPAPER?q=%3Adefault%3Agrammage%3A192\" rel=\"nofollow noopener\" target=\"_blank\">\u00ae<\/a>, no trees were cut down for its manufacturing, it uses no chlorine, and requires no water consumption. These are the features that make it truly innovative.<\/p>\n<p><!-- \/wp:heading --><!-- wp:paragraph --><!-- \/wp:paragraph --><!-- wp:paragraph --><\/p>\n<p class=\"normal\"><span class=\"\" lang=\"UZ-CYR\">The uniqueness of this type of paper lies in its calcium carbonate component, sourced from waste materials such as limestone or marble. These resources, widely available in quarries and mines, make Stone Paper\u00ae a highly efficient option in terms of resource use.<\/span><\/p>\n<p class=\"normal\"><span class=\"\" lang=\"UZ-CYR\">It is, therefore, an eco-friendly material made from limestone powder, composed of 80% calcium carbonate and 20% non-toxic resins (HD-EP). <\/span><\/p>\n<p><!-- \/wp:paragraph --><\/p>\t\t\t\t\t\t<\/div>\n\t\t\t\t<\/div>\n\t\t\t\t<div class=\"elementor-element elementor-element-b92b7ac elementor-widget elementor-widget-text-editor\" data-id=\"b92b7ac\" data-element_type=\"widget\" data-widget_type=\"text-editor.default\">\n\t\t\t\t<div class=\"elementor-widget-container\">\n\t\t\t\t\t\t\t<p>Este processo inovador ajuda na diminui\u00e7\u00e3o da quantidade de res\u00edduos e\u00a0 descarta a necessidade de abater \u00e1rvores para a produ\u00e7\u00e3o de papel, contribuindo para a preserva\u00e7\u00e3o das florestas, ao eliminar a explora\u00e7\u00e3o madeireira. Neste sentido, em compara\u00e7\u00e3o com o papel tradicional, a pegada de carbono \u00e9, significativamente, menor.<\/p>\n<p>However, the benefits of Stone Paper\u00ae go beyond <a href=\"https:\/\/minerva-online.pt\/en\/sustentabilidade-industrias-graficas\/\">sustainability<\/a>. This material also features qualities that make it suitable for a wide range of applications. Some of these qualities include:<\/p>\n<h2 class=\"normal\"><span class=\"\" lang=\"UZ-CYR\">Durability of the Minerva Calendar<br \/><\/span><\/h2>\n<p class=\"normal\"><span class=\"\" lang=\"UZ-CYR\">It is waterproof and tear-resistant, which increases its lifespan \u2013 making it ideal for a wide variety of uses, such as menus, bags, and <a href=\"https:\/\/minerva-online.pt\/en\/embalagens-atraem-afastam\/\">packaging labels.<\/a><\/span><\/p>\n<h3 class=\"normal\"><span class=\"\" lang=\"UZ-CYR\">Texture<\/span><\/h3>\n<p class=\"normal\"><span class=\"\" lang=\"UZ-CYR\">It has a soft, silky finish that conveys sophistication.<\/span><\/p>\n<h2 class=\"normal\"><span class=\"\" lang=\"UZ-CYR\">Simplified Recycling<\/span><\/h2>\n<p class=\"normal\"><span class=\"\" lang=\"UZ-CYR\">As it contains no wood fibres, it can be recycled with plastics, eliminating the need for a separate recycling stream. <\/span><\/p>\n<p class=\"normal\"><span class=\"\" lang=\"UZ-CYR\">Stone Paper\u00ae proves to be an ecological and innovative alternative, offering consumers longer-lasting products with a lower impact on the planet. In a context where environmental responsibility has become a global priority, it is urgent to adopt measures that allow sustainability to go hand in hand with economic growth. The growing awareness of environmental issues is driving organisations to seek more responsible ways of operating, prioritising and incorporating green practices into their businesses and activities. <\/span><\/p>\n<p class=\"normal\"><span class=\"\" lang=\"UZ-CYR\">This calendar reflects Minerva\u2019s commitment to providing clients with solutions that meet both market demands and the undeniable urgency of environmental imperatives. <\/span><\/p>\n<p>Each page marks the path of a conscious year and transformative leadership. The future begins now.<\/p>\n<p class=\"normal\"><i class=\"\"><span class=\"\" lang=\"UZ-CYR\">\u201cThe best way to predict the future is to create it.\u201d <\/span><\/i><\/p>\n<p class=\"normal\"><span class=\"\" lang=\"UZ-CYR\">Abraham Lincoln<\/span><\/p>\t\t\t\t\t\t<\/div>\n\t\t\t\t<\/div>\n\t\t\t\t\t<\/div>\n\t\t<\/div>\n\t\t\t\t\t\t\t<\/div>\n\t\t<\/section>\n\t\t\t\t<section class=\"elementor-section elementor-top-section elementor-element elementor-element-631dc81 elementor-section-boxed elementor-section-height-default elementor-section-height-default\" data-id=\"631dc81\" data-element_type=\"section\">\n\t\t\t\t\t\t<div class=\"elementor-container elementor-column-gap-default\">\n\t\t\t\t\t<div class=\"elementor-column elementor-col-100 elementor-top-column elementor-element elementor-element-a83c70d\" data-id=\"a83c70d\" data-element_type=\"column\">\n\t\t\t<div class=\"elementor-widget-wrap elementor-element-populated\">\n\t\t\t\t\t\t\t\t<div class=\"elementor-element elementor-element-1ac6fff elementor-widget elementor-widget-image\" data-id=\"1ac6fff\" data-element_type=\"widget\" data-widget_type=\"image.default\">\n\t\t\t\t<div class=\"elementor-widget-container\">\n\t\t\t\t\t\t\t\t\t\t\t\t\t\t\t<img fetchpriority=\"high\" decoding=\"async\" width=\"1024\" height=\"1024\" src=\"https:\/\/minerva-online.pt\/wp-content\/uploads\/2025\/08\/calendari-minerva-1024x1024.jpg\" class=\"attachment-large size-large wp-image-9294\" alt=\"calendario-minerva\" srcset=\"https:\/\/minerva-online.pt\/wp-content\/uploads\/2025\/08\/calendari-minerva-1024x1024.jpg 1024w, https:\/\/minerva-online.pt\/wp-content\/uploads\/2025\/08\/calendari-minerva-300x300.jpg 300w, https:\/\/minerva-online.pt\/wp-content\/uploads\/2025\/08\/calendari-minerva-150x150.jpg 150w, https:\/\/minerva-online.pt\/wp-content\/uploads\/2025\/08\/calendari-minerva-768x768.jpg 768w, https:\/\/minerva-online.pt\/wp-content\/uploads\/2025\/08\/calendari-minerva-1536x1536.jpg 1536w, https:\/\/minerva-online.pt\/wp-content\/uploads\/2025\/08\/calendari-minerva-2048x2048.jpg 2048w, https:\/\/minerva-online.pt\/wp-content\/uploads\/2025\/08\/calendari-minerva-12x12.jpg 12w\" sizes=\"(max-width: 1024px) 100vw, 1024px\" \/>\t\t\t\t\t\t\t\t\t\t\t\t\t\t\t<\/div>\n\t\t\t\t<\/div>\n\t\t\t\t\t<\/div>\n\t\t<\/div>\n\t\t\t\t\t\t\t<\/div>\n\t\t<\/section>\n\t\t\t\t\t\t\t<\/div>","protected":false},"excerpt":{"rendered":"<p>Leading is about making choices that positively impact the future, and Minerva\u2019s 2025 calendar is a reflection of that. Developed using Stone Paper\u00ae, it combines design, sustainability, and a clear purpose: to present an innovative solution for companies whose values include environmental responsibility.<\/p>","protected":false},"author":2,"featured_media":9302,"comment_status":"closed","ping_status":"closed","sticky":false,"template":"","format":"standard","meta":{"footnotes":""},"categories":[2],"tags":[167,144,168,154,162,161,109,155,151,171,165,152,181,177,158,63,166,147,172,169,157,164,145,163,178,170,160,175,148,156,146],"acf":[],"_links":{"self":[{"href":"https:\/\/minerva-online.pt\/en\/wp-json\/wp\/v2\/posts\/8229"}],"collection":[{"href":"https:\/\/minerva-online.pt\/en\/wp-json\/wp\/v2\/posts"}],"about":[{"href":"https:\/\/minerva-online.pt\/en\/wp-json\/wp\/v2\/types\/post"}],"author":[{"embeddable":true,"href":"https:\/\/minerva-online.pt\/en\/wp-json\/wp\/v2\/users\/2"}],"replies":[{"embeddable":true,"href":"https:\/\/minerva-online.pt\/en\/wp-json\/wp\/v2\/comments?post=8229"}],"version-history":[{"count":63,"href":"https:\/\/minerva-online.pt\/en\/wp-json\/wp\/v2\/posts\/8229\/revisions"}],"predecessor-version":[{"id":9331,"href":"https:\/\/minerva-online.pt\/en\/wp-json\/wp\/v2\/posts\/8229\/revisions\/9331"}],"wp:featuredmedia":[{"embeddable":true,"href":"https:\/\/minerva-online.pt\/en\/wp-json\/wp\/v2\/media\/9302"}],"wp:attachment":[{"href":"https:\/\/minerva-online.pt\/en\/wp-json\/wp\/v2\/media?parent=8229"}],"wp:term":[{"taxonomy":"category","embeddable":true,"href":"https:\/\/minerva-online.pt\/en\/wp-json\/wp\/v2\/categories?post=8229"},{"taxonomy":"post_tag","embeddable":true,"href":"https:\/\/minerva-online.pt\/en\/wp-json\/wp\/v2\/tags?post=8229"}],"curies":[{"name":"wp","href":"https:\/\/api.w.org\/{rel}","templated":true}]}}