{"id":9270,"date":"2025-08-01T14:04:42","date_gmt":"2025-08-01T14:04:42","guid":{"rendered":"https:\/\/minerva-online.pt\/?p=9270"},"modified":"2025-09-05T13:38:14","modified_gmt":"2025-09-05T13:38:14","slug":"papeis-ecologicos-o-essencial-negocios","status":"publish","type":"post","link":"https:\/\/minerva-online.pt\/en\/papeis-ecologicos-o-essencial-negocios\/","title":{"rendered":"Pap\u00e9is ecol\u00f3gicos: o essencial para neg\u00f3cios respons\u00e1veis"},"content":{"rendered":"<div data-elementor-type=\"wp-post\" data-elementor-id=\"9270\" class=\"elementor elementor-9270\" data-elementor-post-type=\"post\">\n\t\t\t\t\t\t\t\t\t<section class=\"elementor-section elementor-top-section elementor-element elementor-element-2f8bc232 elementor-section-boxed elementor-section-height-default elementor-section-height-default\" data-id=\"2f8bc232\" data-element_type=\"section\">\n\t\t\t\t\t\t<div class=\"elementor-container elementor-column-gap-default\">\n\t\t\t\t\t<div class=\"elementor-column elementor-col-100 elementor-top-column elementor-element elementor-element-4dcaf220\" data-id=\"4dcaf220\" data-element_type=\"column\">\n\t\t\t<div class=\"elementor-widget-wrap elementor-element-populated\">\n\t\t\t\t\t\t\t\t<div class=\"elementor-element elementor-element-76d654ac elementor-widget elementor-widget-text-editor\" data-id=\"76d654ac\" data-element_type=\"widget\" data-widget_type=\"text-editor.default\">\n\t\t\t\t<div class=\"elementor-widget-container\">\n\t\t\t\t\t\t\t<!-- wp:paragraph -->\n<p>\u00a0<\/p>\n<!-- \/wp:paragraph --><!-- wp:paragraph -->\n<p>Falar em sustentabilidade empresarial j\u00e1 n\u00e3o \u00e9 novidade. Mas pratic\u00e1-la em todas as dimens\u00f5es do neg\u00f3cio,incluindo a comunica\u00e7\u00e3o, \u00e9 o que diferencia uma marca consciente de uma que apenas segue tend\u00eancias.<\/p>\n<!-- \/wp:paragraph --><!-- wp:paragraph -->\n<p>Entre as decis\u00f5es estrat\u00e9gicas que mais impactam a perce\u00e7\u00e3o do p\u00fablico est\u00e1 a escolha dos <strong>materiais de comunica\u00e7\u00e3o<\/strong>, como os <strong>pap\u00e9is ecol\u00f3gicos<\/strong>. E pode ser um grande aliado na constru\u00e7\u00e3o de <strong>neg\u00f3cios respons\u00e1veis<\/strong>.<\/p>\n<!-- \/wp:paragraph --><!-- wp:separator --><hr class=\"wp-block-separator has-alpha-channel-opacity\" \/><!-- \/wp:separator --><!-- wp:heading -->\n<h2 class=\"wp-block-heading\"><strong>Mas o que s\u00e3o pap\u00e9is ecol\u00f3gicos?<\/strong><\/h2>\n<!-- \/wp:heading --><!-- wp:paragraph -->\n<p><strong>Pap\u00e9is ecol\u00f3gicos<\/strong> s\u00e3o papeis produzidos a partir de mat\u00e9rias-primas sustent\u00e1veis ou reaproveitadas, com processos de fabrico que reduzem ou eliminam o impacto ambiental. Podem ser biodegrad\u00e1veis, recicl\u00e1veis e, em muitos casos, feitos sem utiliza\u00e7\u00e3o de \u00e1gua, qu\u00edmicos ou celulose proveniente de \u00e1rvores.<\/p>\n<!-- \/wp:paragraph --><!-- wp:paragraph --><!-- \/wp:paragraph --><!-- wp:separator --><hr class=\"wp-block-separator has-alpha-channel-opacity\" \/><!-- \/wp:separator --><!-- wp:heading -->\n<h2 class=\"wp-block-heading\"><a href=\"https:\/\/minerva-online.pt\/en\/sustentabilidade-industrias-graficas\/\"><strong>Pap\u00e9is ecol\u00f3gicos da Minerva<\/strong><\/a><\/h2>\n<!-- \/wp:heading --><!-- wp:paragraph -->\n<p>Na Minerva, acreditamos que comunicar com responsabilidade \u00e9 tamb\u00e9m <strong>escolher os suportes certos<\/strong>. Por isso, oferecemos uma gama de <strong>pap\u00e9is ecol\u00f3gicos inovadores<\/strong> que refletem o compromisso ambiental dos nossos clientes e da pr\u00f3pria Minerva como marca com mais de 50 anos de hist\u00f3ria e em constante evolu\u00e7\u00e3o.<\/p>\n<!-- \/wp:paragraph --><!-- wp:heading {\"level\":3} -->\n<h3 class=\"wp-block-heading\"><strong>1.<\/strong><a href=\"https:\/\/www.giftcampaign.pt\/blog\/papel-pedra\/\" rel=\"nofollow noopener\" target=\"_blank\"> <strong>Papel de Pedra<\/strong><\/a><\/h3>\n<!-- \/wp:heading --><!-- wp:image -->\n<figure class=\"wp-block-image\"><img decoding=\"async\" src=\"https:\/\/lh7-rt.googleusercontent.com\/docsz\/AD_4nXd6_8Q41rkYK3qXr8Pcm77Yh4cHxNj57JXOAoFjZOQxEKLrht15UYbg533IFC_sEefFg1RsoQhMSHlzH3w-Z8gis2qTUKz3otD92HECZQkP2UIodcoWIXEq2k4YBgtVwFcAI4SPeQ?key=URiUc-h_mnRNRq8cxiqw1w\" alt=\"Pap\u00e9is ecol\u00f3gicos - pedra\" \/><\/figure>\n<!-- \/wp:image --><!-- wp:paragraph -->\n<p>\u00a0<\/p>\n<p>Produzido a partir de res\u00edduos de m\u00e1rmore e carbonato de c\u00e1lcio, o <strong>papel de pedra<\/strong> dispensa \u00e1rvores, \u00e1gua e branqueadores qu\u00edmicos na sua produ\u00e7\u00e3o. \u00c9 resistente \u00e0 \u00e1gua, dur\u00e1vel e 100% recicl\u00e1vel.<\/p>\n<!-- \/wp:paragraph --><!-- wp:paragraph -->\n<p><strong>Porque deve usar?<\/strong><\/p>\n<!-- \/wp:paragraph --><!-- wp:list -->\n<ul><!-- wp:list-item -->\n<li>Zero uso de celulose;<\/li>\n<!-- \/wp:list-item --><!-- wp:list-item -->\n<li>Sem \u00e1gua no processo produtivo<\/li>\n<!-- \/wp:list-item --><!-- wp:list-item -->\n<li>Totalmente imperme\u00e1vel<\/li>\n<!-- \/wp:list-item --><!-- wp:list-item -->\n<li>Alt\u00edssima durabilidade e resist\u00eancia<\/li>\n<!-- \/wp:list-item --><\/ul>\n<!-- \/wp:list --><!-- wp:heading {\"level\":3} -->\n<h3 class=\"wp-block-heading\"><strong>2.<\/strong><a href=\"https:\/\/www.notpla.com\/\" rel=\"nofollow noopener\" target=\"_blank\"> <strong>Papel de Algas<\/strong><\/a><\/h3>\n<!-- \/wp:heading --><!-- wp:image -->\n<figure class=\"wp-block-image\"><img decoding=\"async\" src=\"https:\/\/lh7-rt.googleusercontent.com\/docsz\/AD_4nXfeWazVNLysfXGb-eUOGqQL5-bOB9_nfsEEcBBdfEzSwqpiYlKSPYjUhYOccx-CoQi9121YmRim8QYMdOkrzvgSv_8M8l_wNwAaAsLGxVEICxk0SOq72BhLg883gYR3nlcrIrt2ag?key=URiUc-h_mnRNRq8cxiqw1w\" alt=\"Pap\u00e9is ecol\u00f3gicos- algas\" \/><\/figure>\n<p>\u00a0<\/p>\n<!-- \/wp:image --><!-- wp:paragraph -->\n<p>Este papel \u00e9 feito com algas invasoras recolhidas no Mar Mediterr\u00e2neo, o que contribui para o equil\u00edbrio dos ecossistemas marinhos. Substitui parcialmente a fibra de madeira e tem um acabamento visual sofisticado.<\/p>\n<!-- \/wp:paragraph --><!-- wp:paragraph -->\n<p><strong>Porque deve usar?<\/strong><\/p>\n<!-- \/wp:paragraph --><!-- wp:list -->\n<ul><!-- wp:list-item -->\n<li>Redu\u00e7\u00e3o do uso de madeira<\/li>\n<!-- \/wp:list-item --><!-- wp:list-item -->\n<li>Valoriza\u00e7\u00e3o de res\u00edduos naturais<\/li>\n<!-- \/wp:list-item --><!-- wp:list-item -->\n<li>Excelente textura e apar\u00eancia.<\/li>\n<!-- \/wp:list-item --><\/ul>\n<!-- \/wp:list --><!-- wp:heading {\"level\":3} -->\n<h3 class=\"wp-block-heading\"><strong>3.<\/strong><a href=\"https:\/\/instaarts.com\/quadros\/canvas-tecido\/o-que-e-o-papel-algodao-ou-rag\/\" rel=\"nofollow noopener\" target=\"_blank\"><strong> Papel de Algod\u00e3o<\/strong><\/a><\/h3>\n<!-- \/wp:heading --><!-- wp:image -->\n<figure class=\"wp-block-image\"><img decoding=\"async\" src=\"https:\/\/lh7-rt.googleusercontent.com\/docsz\/AD_4nXdxQCR1NqCkAOO-bVx7NoFlZ-gB1VhG45ZxCe2Pyx3yvkcgNN_anZrJPgx2aASnTYeBBozCd9EyNBzlmr4Jly1jHf7Abl0jZRZIDulEi-OUbePCwqew34rHHckn2hJJkZQZWSI_sQ?key=URiUc-h_mnRNRq8cxiqw1w\" alt=\"Pap\u00e9is ecol\u00f3gicos - algod\u00e3o\" \/><\/figure>\n<p>\u00a0<\/p>\n<!-- \/wp:image --><!-- wp:paragraph -->\n<p>Produzido a partir de fibras de algod\u00e3o provenientes de res\u00edduos da ind\u00fastria t\u00eaxtil ou de fontes naturais, o <strong>papel de algod\u00e3o<\/strong> \u00e9 uma op\u00e7\u00e3o ecol\u00f3gica, dur\u00e1vel e de toque requintado. Com textura suave e apar\u00eancia sofisticada, \u00e9 ideal para marcas que desejam transmitir valores como exclusividade, eleg\u00e2ncia e compromisso com a sustentabilidade.<\/p>\n<!-- \/wp:paragraph --><!-- wp:paragraph -->\n<p><strong>Porque deve usar?<\/strong><\/p>\n<!-- \/wp:paragraph --><!-- wp:list -->\n<ul><!-- wp:list-item -->\n<li>Reutiliza subprodutos da ind\u00fastria t\u00eaxtil (algod\u00e3o p\u00f3s-consumo)<\/li>\n<!-- \/wp:list-item --><!-- wp:list-item -->\n<li>Alta durabilidade e resist\u00eancia ao envelhecimento<\/li>\n<!-- \/wp:list-item --><!-- wp:list-item -->\n<li>Apar\u00eancia nobre e acabamento premium<\/li>\n<!-- \/wp:list-item --><!-- wp:list-item -->\n<li>Biodegrad\u00e1vel e recicl\u00e1vel<\/li>\n<!-- \/wp:list-item --><\/ul>\n<!-- \/wp:list --><!-- wp:separator --><hr class=\"wp-block-separator has-alpha-channel-opacity\" \/><!-- \/wp:separator --><!-- wp:heading -->\n<h2 class=\"wp-block-heading\"><strong>Como os pap\u00e9is ecol\u00f3gicos contribuem para neg\u00f3cios sustent\u00e1veis?<\/strong><\/h2>\n<!-- \/wp:heading --><!-- wp:paragraph -->\n<p>Adotar <strong>pap\u00e9is ecol\u00f3gicos<\/strong> \u00e9 uma decis\u00e3o que se alinha aos princ\u00edpios dos <strong>neg\u00f3cios respons\u00e1veis<\/strong>, ou seja, empresas que integram pr\u00e1ticas respons\u00e1veis na sua opera\u00e7\u00e3o e comunica\u00e7\u00e3o.<\/p>\n<!-- \/wp:paragraph --><!-- wp:heading {\"level\":3} -->\n<h3 class=\"wp-block-heading\"><strong>Benef\u00edcios diretos:<\/strong><\/h3>\n<!-- \/wp:heading --><!-- wp:list -->\n<ul><!-- wp:list-item -->\n<li>Redu\u00e7\u00e3o da pegada ecol\u00f3gica<\/li>\n<!-- \/wp:list-item --><!-- wp:list-item -->\n<li>Diferencia\u00e7\u00e3o competitiva<\/li>\n<!-- \/wp:list-item --><!-- wp:list-item -->\n<li>Reputa\u00e7\u00e3o positiva e confian\u00e7a do consumidor<\/li>\n<!-- \/wp:list-item --><!-- wp:list-item -->\n<li>Acesso a apoios e financiamentos verdes<strong><br \/><\/strong><\/li>\n<!-- \/wp:list-item --><\/ul>\n<!-- \/wp:list --><!-- wp:paragraph -->\n<p>Ao escolher <strong>materiais sustent\u00e1veis<\/strong>, a empresa transmite coer\u00eancia e compromisso com a sustentabilidade em todos os pontos de contacto com o p\u00fablico.<\/p>\n<!-- \/wp:paragraph --><!-- wp:separator --><hr class=\"wp-block-separator has-alpha-channel-opacity\" \/><!-- \/wp:separator --><!-- wp:heading -->\n<h2 class=\"wp-block-heading\"><strong>A Minerva como parceira na transforma\u00e7\u00e3o sustent\u00e1vel<\/strong><\/h2>\n<!-- \/wp:heading --><!-- wp:paragraph -->\n<p>Somos mais do que uma gr\u00e1fica: somos uma <strong>empresa de comunica\u00e7\u00e3o integrada<\/strong> com solu\u00e7\u00f5es que acompanham o ciclo completo da marca. Acreditamos que <strong>os neg\u00f3cios sustent\u00e1veis<\/strong> s\u00e3o o futuro\u00a0 e os <strong>pap\u00e9is ecol\u00f3gicos<\/strong> s\u00e3o uma ferramenta poderosa para o caminho que se come\u00e7a a tra\u00e7ar.<\/p>\n<!-- \/wp:paragraph --><!-- wp:heading {\"level\":3} -->\n<h3 class=\"wp-block-heading\"><strong>O que oferecemos:<\/strong><\/h3>\n<!-- \/wp:heading --><!-- wp:list -->\n<ul><!-- wp:list-item -->\n<li>Design e comunica\u00e7\u00e3o ecol\u00f3gica<\/li>\n<!-- \/wp:list-item --><!-- wp:list-item -->\n<li>Escolha estrat\u00e9gica de materiais com menor impacto<\/li>\n<!-- \/wp:list-item --><!-- wp:list-item -->\n<li>Cria\u00e7\u00e3o de marcas com objetivos bem definidos<\/li>\n<!-- \/wp:list-item --><!-- wp:list-item -->\n<li>Desenvolvimento de campanhas que educam e inspiram<\/li>\n<!-- \/wp:list-item --><\/ul>\n<!-- \/wp:list --><!-- wp:paragraph -->\n<p>Ter um neg\u00f3cio sustent\u00e1vel n\u00e3o \u00e9 apenas uma escolha \u00e9tica, \u00e9 uma forma inteligente e eficaz de crescimento e evolu\u00e7\u00e3o. Os <b>neg\u00f3cios ecol\u00f3gicos<\/b> que se destacam hoje s\u00e3o aqueles que alinham inova\u00e7\u00e3o, impacto positivo e uma comunica\u00e7\u00e3o coerente com os seus valores.<\/p>\n<p>Na Minerva, acreditamos no poder da sustentabilidade como motor de transforma\u00e7\u00e3o e colocamos \u00e0 disposi\u00e7\u00e3o das marcas n\u00e3o apenas a nossa experi\u00eancia em comunica\u00e7\u00e3o, mas tamb\u00e9m solu\u00e7\u00f5es concretas como os <b>pap\u00e9is ecol\u00f3gicos<\/b> que representam o futuro do design impresso.<\/p>\n<p>Se a sua marca quer destacar-se no mercado consciente, estamos prontos para caminhar consigo.<\/p>\n<!-- \/wp:paragraph --><!-- wp:paragraph -->\n<p><a href=\"https:\/\/minerva-online.pt\/en\/contactos\/\"><strong>Please let us know<\/strong><\/a> e descubra como os nossos <strong>pap\u00e9is ecol\u00f3gicos<\/strong> podem transformar a sua comunica\u00e7\u00e3o e posicionar a sua marca num mercado cada vez mais consciente.<\/p>\n<!-- \/wp:paragraph -->\t\t\t\t\t\t<\/div>\n\t\t\t\t<\/div>\n\t\t\t\t\t<\/div>\n\t\t<\/div>\n\t\t\t\t\t\t\t<\/div>\n\t\t<\/section>\n\t\t\t\t\t\t\t<\/div>","protected":false},"excerpt":{"rendered":"<p>\u00a0 Falar em sustentabilidade empresarial j\u00e1 n\u00e3o \u00e9 novidade. Mas pratic\u00e1-la em todas as dimens\u00f5es do neg\u00f3cio,incluindo a comunica\u00e7\u00e3o, \u00e9 &#8230; <\/p>\n<p class=\"read-more-container\"><a title=\"Pap\u00e9is ecol\u00f3gicos: o essencial para neg\u00f3cios respons\u00e1veis\" class=\"read-more button\" href=\"https:\/\/minerva-online.pt\/en\/papeis-ecologicos-o-essencial-negocios\/#more-9270\" aria-label=\"More on Pap\u00e9is ecol\u00f3gicos: o essencial para neg\u00f3cios respons\u00e1veis\">Ler mais <i class=\"fas fa-chevron-right\"><\/i><\/a><\/p>","protected":false},"author":2,"featured_media":9279,"comment_status":"open","ping_status":"open","sticky":false,"template":"","format":"standard","meta":{"footnotes":""},"categories":[2,5],"tags":[63,43],"acf":[],"_links":{"self":[{"href":"https:\/\/minerva-online.pt\/en\/wp-json\/wp\/v2\/posts\/9270"}],"collection":[{"href":"https:\/\/minerva-online.pt\/en\/wp-json\/wp\/v2\/posts"}],"about":[{"href":"https:\/\/minerva-online.pt\/en\/wp-json\/wp\/v2\/types\/post"}],"author":[{"embeddable":true,"href":"https:\/\/minerva-online.pt\/en\/wp-json\/wp\/v2\/users\/2"}],"replies":[{"embeddable":true,"href":"https:\/\/minerva-online.pt\/en\/wp-json\/wp\/v2\/comments?post=9270"}],"version-history":[{"count":13,"href":"https:\/\/minerva-online.pt\/en\/wp-json\/wp\/v2\/posts\/9270\/revisions"}],"predecessor-version":[{"id":9348,"href":"https:\/\/minerva-online.pt\/en\/wp-json\/wp\/v2\/posts\/9270\/revisions\/9348"}],"wp:featuredmedia":[{"embeddable":true,"href":"https:\/\/minerva-online.pt\/en\/wp-json\/wp\/v2\/media\/9279"}],"wp:attachment":[{"href":"https:\/\/minerva-online.pt\/en\/wp-json\/wp\/v2\/media?parent=9270"}],"wp:term":[{"taxonomy":"category","embeddable":true,"href":"https:\/\/minerva-online.pt\/en\/wp-json\/wp\/v2\/categories?post=9270"},{"taxonomy":"post_tag","embeddable":true,"href":"https:\/\/minerva-online.pt\/en\/wp-json\/wp\/v2\/tags?post=9270"}],"curies":[{"name":"wp","href":"https:\/\/api.w.org\/{rel}","templated":true}]}}